{"id":1513,"date":"2021-04-14T09:39:30","date_gmt":"2021-04-14T12:39:30","guid":{"rendered":"http:\/\/cultura.sma.gob.ar\/?p=1513"},"modified":"2021-04-14T11:41:16","modified_gmt":"2021-04-14T14:41:16","slug":"charla-de-alejandro-fatur-para-musicos-y-estudiantes","status":"publish","type":"post","link":"https:\/\/cultura.sma.gob.ar\/?p=1513","title":{"rendered":"Charla de Alejandro Fatur para m\u00fasicos y estudiantes"},"content":{"rendered":"\n<figure class=\"wp-block-image size-large\"><img loading=\"lazy\" decoding=\"async\" width=\"723\" height=\"1024\" src=\"http:\/\/cultura.sma.gob.ar\/wp-content\/uploads\/2021\/04\/Flyer-Clarla-Mu.Sa_.-723x1024.jpg\" alt=\"\" class=\"wp-image-1514\" srcset=\"https:\/\/cultura.sma.gob.ar\/wp-content\/uploads\/2021\/04\/Flyer-Clarla-Mu.Sa_.-723x1024.jpg 723w, https:\/\/cultura.sma.gob.ar\/wp-content\/uploads\/2021\/04\/Flyer-Clarla-Mu.Sa_.-212x300.jpg 212w, https:\/\/cultura.sma.gob.ar\/wp-content\/uploads\/2021\/04\/Flyer-Clarla-Mu.Sa_.-768x1087.jpg 768w, https:\/\/cultura.sma.gob.ar\/wp-content\/uploads\/2021\/04\/Flyer-Clarla-Mu.Sa_.-64x90.jpg 64w, https:\/\/cultura.sma.gob.ar\/wp-content\/uploads\/2021\/04\/Flyer-Clarla-Mu.Sa_..jpg 904w\" sizes=\"auto, (max-width: 723px) 100vw, 723px\" \/><\/figure>\n\n\n\n<p>En nuestra grilla de eventos, sumamos una nueva propuesta para este s\u00e1bado, 17 de abril. Con entrada gratuita y cupos limitados, la Asociaci\u00f3n Mu.Sa. y el Instituto Nacional de la M\u00fasica, presentan a Alejandro Fatur, quien, con m\u00e1s de 30 a\u00f1os de experiencia disertar\u00e1 sobre &#8220;\u00bfC\u00f3mo vivir de la grabaci\u00f3n de mi m\u00fasica?&#8221;.<br>Para m\u00e1s detalles, click en el siguiente link:\u00a0<a rel=\"noreferrer noopener\" href=\"https:\/\/correo.smandes.gov.ar\/owa\/redir.aspx?C=73c1c25d23c2458d93114e0f8ae83777&amp;URL=http%3a%2f%2fcentrocultural.cotesma.com.ar%2factividades%2f1238\" target=\"_blank\">http:\/\/centrocultural.cotesma.com.ar\/actividades\/<\/a><a href=\"http:\/\/centrocultural.cotesma.com.ar\/actividades\/1238\" data-type=\"URL\" data-id=\"http:\/\/centrocultural.cotesma.com.ar\/actividades\/1238\" target=\"_blank\" rel=\"noreferrer noopener\">1238<\/a><\/p>\n","protected":false},"excerpt":{"rendered":"<p>S\u00e1bado 17 a las 16hs en el Centro Cultural Cotesma <a href=\"https:\/\/cultura.sma.gob.ar\/?p=1513\" class=\"more-link\">Continue reading <span class=\"screen-reader-text\">Charla de Alejandro Fatur para m\u00fasicos y estudiantes<\/span><\/a><\/p>\n","protected":false},"author":1,"featured_media":297,"comment_status":"closed","ping_status":"","sticky":false,"template":"","format":"image","meta":{"footnotes":""},"categories":[2],"tags":[],"class_list":["post-1513","post","type-post","status-publish","format-image","has-post-thumbnail","hentry","category-ciudad-cultural","post_format-post-format-image"],"_links":{"self":[{"href":"https:\/\/cultura.sma.gob.ar\/index.php?rest_route=\/wp\/v2\/posts\/1513","targetHints":{"allow":["GET"]}}],"collection":[{"href":"https:\/\/cultura.sma.gob.ar\/index.php?rest_route=\/wp\/v2\/posts"}],"about":[{"href":"https:\/\/cultura.sma.gob.ar\/index.php?rest_route=\/wp\/v2\/types\/post"}],"author":[{"embeddable":true,"href":"https:\/\/cultura.sma.gob.ar\/index.php?rest_route=\/wp\/v2\/users\/1"}],"replies":[{"embeddable":true,"href":"https:\/\/cultura.sma.gob.ar\/index.php?rest_route=%2Fwp%2Fv2%2Fcomments&post=1513"}],"version-history":[{"count":3,"href":"https:\/\/cultura.sma.gob.ar\/index.php?rest_route=\/wp\/v2\/posts\/1513\/revisions"}],"predecessor-version":[{"id":1525,"href":"https:\/\/cultura.sma.gob.ar\/index.php?rest_route=\/wp\/v2\/posts\/1513\/revisions\/1525"}],"wp:featuredmedia":[{"embeddable":true,"href":"https:\/\/cultura.sma.gob.ar\/index.php?rest_route=\/wp\/v2\/media\/297"}],"wp:attachment":[{"href":"https:\/\/cultura.sma.gob.ar\/index.php?rest_route=%2Fwp%2Fv2%2Fmedia&parent=1513"}],"wp:term":[{"taxonomy":"category","embeddable":true,"href":"https:\/\/cultura.sma.gob.ar\/index.php?rest_route=%2Fwp%2Fv2%2Fcategories&post=1513"},{"taxonomy":"post_tag","embeddable":true,"href":"https:\/\/cultura.sma.gob.ar\/index.php?rest_route=%2Fwp%2Fv2%2Ftags&post=1513"}],"curies":[{"name":"wp","href":"https:\/\/api.w.org\/{rel}","templated":true}]}}