{"id":1510,"date":"2021-04-14T09:36:37","date_gmt":"2021-04-14T12:36:37","guid":{"rendered":"http:\/\/cultura.sma.gob.ar\/?p=1510"},"modified":"2021-04-14T09:36:37","modified_gmt":"2021-04-14T12:36:37","slug":"se-suspende-la-tormenta-porque-empieza-la-funcion","status":"publish","type":"post","link":"https:\/\/cultura.sma.gob.ar\/?p=1510","title":{"rendered":"&#8220;Se suspende la tormenta porque empieza la funci\u00f3n&#8221;"},"content":{"rendered":"\n<figure class=\"wp-block-image size-large\"><img loading=\"lazy\" decoding=\"async\" width=\"724\" height=\"1024\" src=\"http:\/\/cultura.sma.gob.ar\/wp-content\/uploads\/2021\/04\/Flyer-Minka-1-724x1024.jpg\" alt=\"\" class=\"wp-image-1511\" srcset=\"https:\/\/cultura.sma.gob.ar\/wp-content\/uploads\/2021\/04\/Flyer-Minka-1-724x1024.jpg 724w, https:\/\/cultura.sma.gob.ar\/wp-content\/uploads\/2021\/04\/Flyer-Minka-1-212x300.jpg 212w, https:\/\/cultura.sma.gob.ar\/wp-content\/uploads\/2021\/04\/Flyer-Minka-1-768x1087.jpg 768w, https:\/\/cultura.sma.gob.ar\/wp-content\/uploads\/2021\/04\/Flyer-Minka-1-64x90.jpg 64w, https:\/\/cultura.sma.gob.ar\/wp-content\/uploads\/2021\/04\/Flyer-Minka-1.jpg 877w\" sizes=\"auto, (max-width: 724px) 100vw, 724px\" \/><\/figure>\n\n\n\n<p>\u00a0La Cooperativa de Arte MINKA desembarca en la Sala Amankay con su espect\u00e1culo &#8220;SE SUSPENDE LA TORMENTA PORQUE EMPIEZA LA FUNCI\u00d3N&#8221; una imperdible variet\u00e9 despimpanante. La cita es el viernes 23 de abril a las 19hs. Las entradas ya est\u00e1n a la venta y, como indica el protocolo, los cupos son limitados.<br>Para m\u00e1s detalles, click en el siguiente link:\u00a0<a rel=\"noreferrer noopener\" href=\"https:\/\/correo.smandes.gov.ar\/owa\/redir.aspx?C=73c1c25d23c2458d93114e0f8ae83777&amp;URL=http%3a%2f%2fcentrocultural.cotesma.com.ar%2factividades%2f1237\" target=\"_blank\">http:\/\/centrocultural.cotesma.com.ar\/actividades\/1237<\/a><\/p>\n","protected":false},"excerpt":{"rendered":"<p>Viernes 23 a las 19 hs en la Sala Amankay <a href=\"https:\/\/cultura.sma.gob.ar\/?p=1510\" class=\"more-link\">Continue reading <span class=\"screen-reader-text\">&#8220;Se suspende la tormenta porque empieza la funci\u00f3n&#8221;<\/span><\/a><\/p>\n","protected":false},"author":1,"featured_media":297,"comment_status":"closed","ping_status":"","sticky":false,"template":"","format":"image","meta":{"footnotes":""},"categories":[2,9],"tags":[],"class_list":["post-1510","post","type-post","status-publish","format-image","has-post-thumbnail","hentry","category-ciudad-cultural","category-ultimas-noticias","post_format-post-format-image"],"_links":{"self":[{"href":"https:\/\/cultura.sma.gob.ar\/index.php?rest_route=\/wp\/v2\/posts\/1510","targetHints":{"allow":["GET"]}}],"collection":[{"href":"https:\/\/cultura.sma.gob.ar\/index.php?rest_route=\/wp\/v2\/posts"}],"about":[{"href":"https:\/\/cultura.sma.gob.ar\/index.php?rest_route=\/wp\/v2\/types\/post"}],"author":[{"embeddable":true,"href":"https:\/\/cultura.sma.gob.ar\/index.php?rest_route=\/wp\/v2\/users\/1"}],"replies":[{"embeddable":true,"href":"https:\/\/cultura.sma.gob.ar\/index.php?rest_route=%2Fwp%2Fv2%2Fcomments&post=1510"}],"version-history":[{"count":1,"href":"https:\/\/cultura.sma.gob.ar\/index.php?rest_route=\/wp\/v2\/posts\/1510\/revisions"}],"predecessor-version":[{"id":1512,"href":"https:\/\/cultura.sma.gob.ar\/index.php?rest_route=\/wp\/v2\/posts\/1510\/revisions\/1512"}],"wp:featuredmedia":[{"embeddable":true,"href":"https:\/\/cultura.sma.gob.ar\/index.php?rest_route=\/wp\/v2\/media\/297"}],"wp:attachment":[{"href":"https:\/\/cultura.sma.gob.ar\/index.php?rest_route=%2Fwp%2Fv2%2Fmedia&parent=1510"}],"wp:term":[{"taxonomy":"category","embeddable":true,"href":"https:\/\/cultura.sma.gob.ar\/index.php?rest_route=%2Fwp%2Fv2%2Fcategories&post=1510"},{"taxonomy":"post_tag","embeddable":true,"href":"https:\/\/cultura.sma.gob.ar\/index.php?rest_route=%2Fwp%2Fv2%2Ftags&post=1510"}],"curies":[{"name":"wp","href":"https:\/\/api.w.org\/{rel}","templated":true}]}}