{"id":1497,"date":"2022-04-20T09:25:23","date_gmt":"2022-04-20T12:25:23","guid":{"rendered":"http:\/\/cultura.sma.gob.ar\/?p=1497"},"modified":"2024-02-26T17:21:25","modified_gmt":"2024-02-26T20:21:25","slug":"continua-abierta-la-inscripcion-al-registro-municipal-de-trabajadores-y-trabajadoras-de-la-cultura","status":"publish","type":"post","link":"https:\/\/cultura.sma.gob.ar\/?p=1497","title":{"rendered":"Contin\u00faa abierta la inscripci\u00f3n al Registro Municipal de Trabajadores y Trabajadoras de la Cultura"},"content":{"rendered":"\n<figure class=\"wp-block-image size-large\"><img loading=\"lazy\" decoding=\"async\" width=\"1024\" height=\"684\" src=\"http:\/\/cultura.sma.gob.ar\/wp-content\/uploads\/2024\/01\/WhatsApp-Image-2024-01-21-at-4.52.52-PM-1024x684.jpeg\" alt=\"\" class=\"wp-image-5191\" srcset=\"https:\/\/cultura.sma.gob.ar\/wp-content\/uploads\/2024\/01\/WhatsApp-Image-2024-01-21-at-4.52.52-PM-1024x684.jpeg 1024w, https:\/\/cultura.sma.gob.ar\/wp-content\/uploads\/2024\/01\/WhatsApp-Image-2024-01-21-at-4.52.52-PM-300x200.jpeg 300w, https:\/\/cultura.sma.gob.ar\/wp-content\/uploads\/2024\/01\/WhatsApp-Image-2024-01-21-at-4.52.52-PM-768x513.jpeg 768w, https:\/\/cultura.sma.gob.ar\/wp-content\/uploads\/2024\/01\/WhatsApp-Image-2024-01-21-at-4.52.52-PM-1536x1025.jpeg 1536w, https:\/\/cultura.sma.gob.ar\/wp-content\/uploads\/2024\/01\/WhatsApp-Image-2024-01-21-at-4.52.52-PM-135x90.jpeg 135w, https:\/\/cultura.sma.gob.ar\/wp-content\/uploads\/2024\/01\/WhatsApp-Image-2024-01-21-at-4.52.52-PM.jpeg 1600w\" sizes=\"auto, (max-width: 1024px) 100vw, 1024px\" \/><\/figure>\n\n\n\n<p>Todas las personas que sean contratadas para actividades art\u00edsticas y culturales, como as\u00ed tambi\u00e9n las que presenten servicios que sean certificados por decreto, DEBEN ESTAR PREVIAMENTE REGISTRADAS EN EL REGISTRO DE TRABAJADORES DE LA CULTURA, ORDENANZA N\u00ba 13461.<br>As\u00ed lo indica el art\u00edculo 2 de dicha Ordenanza.<\/p>\n\n\n\n<p><strong>Este registro es muy importante porque:<\/strong><\/p>\n\n\n\n<p>&#8211; Unifica y actualiza la informaci\u00f3n que existe en la Secretar\u00eda de Cultura;<\/p>\n\n\n\n<p>&#8211; Ser\u00e1 tenido en cuenta cuando la Secretar\u00eda realice convocatorias para eventos, programas, etc;<\/p>\n\n\n\n<p>&#8211; Nos ayudar\u00e1 a difundir convocatorias de organismos nacionales y provinciales dirigida a sectores espec\u00edficos;<\/p>\n\n\n\n<p>&#8211; Ser\u00e1 obligatorio para ser contratado por la Municipalidad o certificar servicios realizados.<\/p>\n\n\n\n<p>Por otra parte, el registro funciona a modo de censo y nos va a permitir conocer la composici\u00f3n del ecosistema cultural de la ciudad.<\/p>\n\n\n\n<p><strong>AHORA LA INSCRIPCI\u00d3N SE REALIZA DE FORMA ONLINE,<\/strong> completando el formulario correspondiente a su actividad:<\/p>\n\n\n\n<p>Registro individual:\u00a0<a rel=\"noreferrer noopener\" href=\"https:\/\/forms.gle\/sRykt9pfKUN4tB8X6\" target=\"_blank\">https:\/\/forms.gle\/sRykt9pfKUN4tB8X6<\/a><\/p>\n\n\n\n<p>Registro para asociaciones o grupal:\u00a0<a rel=\"noreferrer noopener\" href=\"https:\/\/forms.gle\/nh34fuWzQpB3P6yV9\" target=\"_blank\">https:\/\/forms.gle\/nh34fuWzQpB3P6yV9<\/a><\/p>\n","protected":false},"excerpt":{"rendered":"<p>Informaci\u00f3n importante y links de formulrios <a href=\"https:\/\/cultura.sma.gob.ar\/?p=1497\" class=\"more-link\">Continue reading <span class=\"screen-reader-text\">Contin\u00faa abierta la inscripci\u00f3n al Registro Municipal de Trabajadores y Trabajadoras de la Cultura<\/span><\/a><\/p>\n","protected":false},"author":1,"featured_media":296,"comment_status":"closed","ping_status":"","sticky":false,"template":"","format":"image","meta":{"footnotes":""},"categories":[9],"tags":[],"class_list":["post-1497","post","type-post","status-publish","format-image","has-post-thumbnail","hentry","category-ultimas-noticias","post_format-post-format-image"],"_links":{"self":[{"href":"https:\/\/cultura.sma.gob.ar\/index.php?rest_route=\/wp\/v2\/posts\/1497","targetHints":{"allow":["GET"]}}],"collection":[{"href":"https:\/\/cultura.sma.gob.ar\/index.php?rest_route=\/wp\/v2\/posts"}],"about":[{"href":"https:\/\/cultura.sma.gob.ar\/index.php?rest_route=\/wp\/v2\/types\/post"}],"author":[{"embeddable":true,"href":"https:\/\/cultura.sma.gob.ar\/index.php?rest_route=\/wp\/v2\/users\/1"}],"replies":[{"embeddable":true,"href":"https:\/\/cultura.sma.gob.ar\/index.php?rest_route=%2Fwp%2Fv2%2Fcomments&post=1497"}],"version-history":[{"count":5,"href":"https:\/\/cultura.sma.gob.ar\/index.php?rest_route=\/wp\/v2\/posts\/1497\/revisions"}],"predecessor-version":[{"id":5349,"href":"https:\/\/cultura.sma.gob.ar\/index.php?rest_route=\/wp\/v2\/posts\/1497\/revisions\/5349"}],"wp:featuredmedia":[{"embeddable":true,"href":"https:\/\/cultura.sma.gob.ar\/index.php?rest_route=\/wp\/v2\/media\/296"}],"wp:attachment":[{"href":"https:\/\/cultura.sma.gob.ar\/index.php?rest_route=%2Fwp%2Fv2%2Fmedia&parent=1497"}],"wp:term":[{"taxonomy":"category","embeddable":true,"href":"https:\/\/cultura.sma.gob.ar\/index.php?rest_route=%2Fwp%2Fv2%2Fcategories&post=1497"},{"taxonomy":"post_tag","embeddable":true,"href":"https:\/\/cultura.sma.gob.ar\/index.php?rest_route=%2Fwp%2Fv2%2Ftags&post=1497"}],"curies":[{"name":"wp","href":"https:\/\/api.w.org\/{rel}","templated":true}]}}