{"id":1491,"date":"2021-04-13T08:57:56","date_gmt":"2021-04-13T11:57:56","guid":{"rendered":"http:\/\/cultura.sma.gob.ar\/?p=1491"},"modified":"2021-04-13T08:57:56","modified_gmt":"2021-04-13T11:57:56","slug":"la-sala-municipal-de-exposiciones-lidaura-chapitel-inaugura-esta-semana-una-nueva-muestra","status":"publish","type":"post","link":"https:\/\/cultura.sma.gob.ar\/?p=1491","title":{"rendered":"La Sala Municipal de Exposiciones Lidaura Chapitel inaugura esta semana una nueva muestra"},"content":{"rendered":"\n<p>Tres exposiciones a cargo de Paula Alonso, Camila Ercoreca y el colectivo de Bariloche Laboratoria Isla Victoria ocupar\u00e1n hasta el 12 de mayo el espacio de la Sala Lidaura Chapitel.<\/p>\n\n\n\n<p>La inauguraci\u00f3n oficial ser\u00e1 el viernes 16 de abril, con lista de invitados acotada atendiendo el protocolo sanitario. Luego, a partir del lunes 19 de abril se podr\u00e1n recorrer las tres exposiciones en el horario de 16 a 20hs.<\/p>\n\n\n\n<div class=\"wp-block-image\"><figure class=\"aligncenter size-large\"><img loading=\"lazy\" decoding=\"async\" width=\"1024\" height=\"1024\" src=\"http:\/\/cultura.sma.gob.ar\/wp-content\/uploads\/2021\/04\/flyer-activ-taller-p-alonso-1024x1024.jpg\" alt=\"\" class=\"wp-image-1492\" srcset=\"https:\/\/cultura.sma.gob.ar\/wp-content\/uploads\/2021\/04\/flyer-activ-taller-p-alonso-1024x1024.jpg 1024w, https:\/\/cultura.sma.gob.ar\/wp-content\/uploads\/2021\/04\/flyer-activ-taller-p-alonso-300x300.jpg 300w, https:\/\/cultura.sma.gob.ar\/wp-content\/uploads\/2021\/04\/flyer-activ-taller-p-alonso-150x150.jpg 150w, https:\/\/cultura.sma.gob.ar\/wp-content\/uploads\/2021\/04\/flyer-activ-taller-p-alonso-768x768.jpg 768w, https:\/\/cultura.sma.gob.ar\/wp-content\/uploads\/2021\/04\/flyer-activ-taller-p-alonso-1536x1536.jpg 1536w, https:\/\/cultura.sma.gob.ar\/wp-content\/uploads\/2021\/04\/flyer-activ-taller-p-alonso-2048x2048.jpg 2048w, https:\/\/cultura.sma.gob.ar\/wp-content\/uploads\/2021\/04\/flyer-activ-taller-p-alonso-90x90.jpg 90w\" sizes=\"auto, (max-width: 1024px) 100vw, 1024px\" \/><\/figure><\/div>\n\n\n\n<p>Adem\u00e1s, el s\u00e1bado 17 de abril, de 9 a 14hs, se llevar\u00e1 a cabo el taller de dibujo experimental, a cargo de la artista Paula Alonso. El mismo se realizar\u00e1 con inscripci\u00f3n previa v\u00eda mail a&nbsp;<a href=\"mailto:sala.chapitel@smandes.gov.ar\">sala.chapitel<\/a><a href=\"mailto:sala.chapitel@smandes.gov.ar\">@smandes.gov.ar<\/a><\/p>\n\n\n\n<p>La actividad es arancelada, con un costo de $ 2000 (incluye los materiales) pero la sala ofrece 3 becas a los participantes que , por orden de inscripci\u00f3n, se anoten a tal fin. Se realizar\u00e1 una lista de espera en caso que algunos de los tres primeros inscriptos becados cancelara su participaci\u00f3n, pudiera sumarse el siguiente en la lista.<\/p>\n\n\n\n<p><strong>Sobre el taller<\/strong>:<\/p>\n\n\n\n<p>Un espacio para la exploraci\u00f3n de los procedimientos del dibujo en seco. Se pondr\u00e1n a disposici\u00f3n diferentes herramientas y materiales como carbones, pasteles y grafitos, con el fin de explorar el lenguaje propio que estas materialidades proponen, y las relaciones que se establecen con el cuerpo y sus posibilidades de movimiento.<\/p>\n\n\n\n<div class=\"wp-block-image\"><figure class=\"aligncenter size-large\"><img loading=\"lazy\" decoding=\"async\" width=\"1024\" height=\"1024\" src=\"http:\/\/cultura.sma.gob.ar\/wp-content\/uploads\/2021\/04\/flyer-isla-Victoria-1024x1024.jpg\" alt=\"\" class=\"wp-image-1493\" srcset=\"https:\/\/cultura.sma.gob.ar\/wp-content\/uploads\/2021\/04\/flyer-isla-Victoria-1024x1024.jpg 1024w, https:\/\/cultura.sma.gob.ar\/wp-content\/uploads\/2021\/04\/flyer-isla-Victoria-300x300.jpg 300w, https:\/\/cultura.sma.gob.ar\/wp-content\/uploads\/2021\/04\/flyer-isla-Victoria-150x150.jpg 150w, https:\/\/cultura.sma.gob.ar\/wp-content\/uploads\/2021\/04\/flyer-isla-Victoria-768x768.jpg 768w, https:\/\/cultura.sma.gob.ar\/wp-content\/uploads\/2021\/04\/flyer-isla-Victoria-1536x1536.jpg 1536w, https:\/\/cultura.sma.gob.ar\/wp-content\/uploads\/2021\/04\/flyer-isla-Victoria-90x90.jpg 90w, https:\/\/cultura.sma.gob.ar\/wp-content\/uploads\/2021\/04\/flyer-isla-Victoria.jpg 1875w\" sizes=\"auto, (max-width: 1024px) 100vw, 1024px\" \/><\/figure><\/div>\n\n\n\n<p><strong>Sobre las artistas<\/strong>:<\/p>\n\n\n\n<p>PAULA ALONSO (La Plata)-BAJO MIS PIES EL EPICENTRO<\/p>\n\n\n\n<p>La pr\u00e1ctica at\u00e1vica de errabundeo por el paisaje &nbsp;lleva a la artista a realizar un desplazamiento evocativo a trav\u00e9s de materiales como arenas, cenizas, rocas y tierras.<\/p>\n\n\n\n<p>CAMILA ERCORECA (CABA)-HOGAR TRANSITORIO<\/p>\n\n\n\n<p>Un lugar desconocido que modifica los espacios preexistentes en la memoria. Un lugar bisagra, una l\u00ednea temporal abierta en el espacio para habitar provisoriamente.<\/p>\n\n\n\n<p>LABORATORIO ISLA VICTORIA (Colectivo de Bariloche)<\/p>\n\n\n\n<p>Isla Victoria es un lugar para la revisi\u00f3n hist\u00f3rica, la reflexi\u00f3n filos\u00f3fica y la producci\u00f3n art\u00edstica.<\/p>\n\n\n\n<div class=\"wp-block-image\"><figure class=\"aligncenter size-large\"><img loading=\"lazy\" decoding=\"async\" width=\"1024\" height=\"1024\" src=\"http:\/\/cultura.sma.gob.ar\/wp-content\/uploads\/2021\/04\/flyer-alonso-1024x1024.jpg\" alt=\"\" class=\"wp-image-1494\" srcset=\"https:\/\/cultura.sma.gob.ar\/wp-content\/uploads\/2021\/04\/flyer-alonso-1024x1024.jpg 1024w, https:\/\/cultura.sma.gob.ar\/wp-content\/uploads\/2021\/04\/flyer-alonso-300x300.jpg 300w, https:\/\/cultura.sma.gob.ar\/wp-content\/uploads\/2021\/04\/flyer-alonso-150x150.jpg 150w, https:\/\/cultura.sma.gob.ar\/wp-content\/uploads\/2021\/04\/flyer-alonso-768x768.jpg 768w, https:\/\/cultura.sma.gob.ar\/wp-content\/uploads\/2021\/04\/flyer-alonso-1536x1536.jpg 1536w, https:\/\/cultura.sma.gob.ar\/wp-content\/uploads\/2021\/04\/flyer-alonso-90x90.jpg 90w, https:\/\/cultura.sma.gob.ar\/wp-content\/uploads\/2021\/04\/flyer-alonso.jpg 1875w\" sizes=\"auto, (max-width: 1024px) 100vw, 1024px\" \/><\/figure><\/div>\n","protected":false},"excerpt":{"rendered":"<p>Tres exposiciones a cargo de Paula Alonso, Camila Ercoreca y el colectivo de Bariloche Laboratoria Isla Victoria ocupar\u00e1n hasta el 12 de mayo el espacio de la Sala Lidaura Chapitel. <a href=\"https:\/\/cultura.sma.gob.ar\/?p=1491\" class=\"more-link\">Continue reading <span class=\"screen-reader-text\">La Sala Municipal de Exposiciones Lidaura Chapitel inaugura esta semana una nueva muestra<\/span><\/a><\/p>\n","protected":false},"author":1,"featured_media":1495,"comment_status":"closed","ping_status":"","sticky":false,"template":"","format":"image","meta":{"footnotes":""},"categories":[6,9],"tags":[],"class_list":["post-1491","post","type-post","status-publish","format-image","has-post-thumbnail","hentry","category-sala-lidaura-chapitel","category-ultimas-noticias","post_format-post-format-image"],"_links":{"self":[{"href":"https:\/\/cultura.sma.gob.ar\/index.php?rest_route=\/wp\/v2\/posts\/1491","targetHints":{"allow":["GET"]}}],"collection":[{"href":"https:\/\/cultura.sma.gob.ar\/index.php?rest_route=\/wp\/v2\/posts"}],"about":[{"href":"https:\/\/cultura.sma.gob.ar\/index.php?rest_route=\/wp\/v2\/types\/post"}],"author":[{"embeddable":true,"href":"https:\/\/cultura.sma.gob.ar\/index.php?rest_route=\/wp\/v2\/users\/1"}],"replies":[{"embeddable":true,"href":"https:\/\/cultura.sma.gob.ar\/index.php?rest_route=%2Fwp%2Fv2%2Fcomments&post=1491"}],"version-history":[{"count":1,"href":"https:\/\/cultura.sma.gob.ar\/index.php?rest_route=\/wp\/v2\/posts\/1491\/revisions"}],"predecessor-version":[{"id":1496,"href":"https:\/\/cultura.sma.gob.ar\/index.php?rest_route=\/wp\/v2\/posts\/1491\/revisions\/1496"}],"wp:featuredmedia":[{"embeddable":true,"href":"https:\/\/cultura.sma.gob.ar\/index.php?rest_route=\/wp\/v2\/media\/1495"}],"wp:attachment":[{"href":"https:\/\/cultura.sma.gob.ar\/index.php?rest_route=%2Fwp%2Fv2%2Fmedia&parent=1491"}],"wp:term":[{"taxonomy":"category","embeddable":true,"href":"https:\/\/cultura.sma.gob.ar\/index.php?rest_route=%2Fwp%2Fv2%2Fcategories&post=1491"},{"taxonomy":"post_tag","embeddable":true,"href":"https:\/\/cultura.sma.gob.ar\/index.php?rest_route=%2Fwp%2Fv2%2Ftags&post=1491"}],"curies":[{"name":"wp","href":"https:\/\/api.w.org\/{rel}","templated":true}]}}