{"id":1486,"date":"2021-04-12T09:43:06","date_gmt":"2021-04-12T12:43:06","guid":{"rendered":"http:\/\/cultura.sma.gob.ar\/?p=1486"},"modified":"2021-04-12T09:43:06","modified_gmt":"2021-04-12T12:43:06","slug":"atrapados-en-el-tiempo-una-nueva-proyeccion-de-risas-y-sonrisas","status":"publish","type":"post","link":"https:\/\/cultura.sma.gob.ar\/?p=1486","title":{"rendered":"Atrapados en el tiempo: una nueva proyecci\u00f3n de Risas y Sonrisas"},"content":{"rendered":"\n<div class=\"wp-block-image\"><figure class=\"aligncenter size-large is-resized\"><img loading=\"lazy\" decoding=\"async\" src=\"http:\/\/cultura.sma.gob.ar\/wp-content\/uploads\/2021\/04\/Atrapado-en-el-tiempo.jpg\" alt=\"\" class=\"wp-image-1487\" width=\"540\" height=\"742\" srcset=\"https:\/\/cultura.sma.gob.ar\/wp-content\/uploads\/2021\/04\/Atrapado-en-el-tiempo.jpg 550w, https:\/\/cultura.sma.gob.ar\/wp-content\/uploads\/2021\/04\/Atrapado-en-el-tiempo-218x300.jpg 218w, https:\/\/cultura.sma.gob.ar\/wp-content\/uploads\/2021\/04\/Atrapado-en-el-tiempo-65x90.jpg 65w\" sizes=\"auto, (max-width: 540px) 100vw, 540px\" \/><\/figure><\/div>\n\n\n\n<p>El jueves, 15 de Abril a las 20:30hs en la Sala G\u00fcnther Blaas del Centro Cultural Cotesma, la Asociaci\u00f3n Amigos del Museo Primeros Pobladores continuar\u00e1 con la 5ta. Temporada de Proyecciones. Como los a\u00f1os anteriores, la programaci\u00f3n y la presentaci\u00f3n estar\u00e1 a cargo de Guillermo Ianniello.<br>El Ciclo titulado \u201cRISAS Y SONRISAS\u201d contin\u00faa con la proyecci\u00f3n de la pel\u00edcula \u201cAtrapado en el tiempo\u201d (U.S.A. 1993), dirigida por Harold Ramis y protagonizada por Bill Murray, Andie MacDowell y Chris Elliot.<br><br><strong><u>\u201cAtrapado en el Tiempo\u201d<\/u><\/strong>.<br>El director Harold Ramis me ha asombrado con una trama tan bien forjada y que da lugar a tantos pensamientos y emociones, que no se queda en el plano de la mera comedia ligera y vac\u00eda, sino que nos brinda la oportunidad de SENTIR en toda la extensi\u00f3n de la palabra.<br>Se trata de un planteamiento hipot\u00e9tico, de una met\u00e1fora m\u00e1s profunda y certera de lo que uno podr\u00eda imaginarse antes de ponerse a mirar esta peque\u00f1a maravilla.<\/p>\n\n\n\n<p>Su punto m\u00e1s fuerte e impactante es que nos hace cuestionarnos hasta qu\u00e9 punto valoramos nuestro d\u00eda a d\u00eda, hasta qu\u00e9 punto optamos por llevar una vida rutinaria, hueca y ego\u00edsta, o por el contrario elegimos dejar de centrarnos exclusivamente en nosotros mismos para preocuparnos m\u00e1s por quienes nos rodean.<\/p>\n\n\n\n<p>Es deliciosa, ir\u00f3nica, inteligente y a ratos hilarante, con una pareja protagonista cuya qu\u00edmica es apabullante. Adem\u00e1s, tiene un trasfondo humano que en una primera visi\u00f3n puede pasar desapercibido por el car\u00e1cter c\u00f3mico de la cinta.<br>Por pel\u00edculas como \u00e9sta merece la pena el s\u00e9ptimo arte, por proporcionarnos momentos de alegr\u00eda, reflexi\u00f3n, ternura y diversi\u00f3n, y todo ello sin necesidad de efectos especiales ni extravagancias.<\/p>\n\n\n\n<p>En su sencillez es donde radica su gran encanto. Una joya que se ha convertido por derecho propio en todo un cl\u00e1sico. \u00a1Imperdible!<\/p>\n\n\n\n<p>Duraci\u00f3n: 1 h. 41\u00b4.-<\/p>\n\n\n\n<p>Este Ciclo&nbsp;<strong>(N\u00b0 30)<\/strong>&nbsp;incluye tambi\u00e9n las siguientes pel\u00edculas:<br>*Jueves 22 de Abril: \u201cTodo o Nada\u201d (Inglaterra)<br>*Jueves 29 de Abril: \u201cAdi\u00f3s Lenin\u201d (Alemania)<\/p>\n","protected":false},"excerpt":{"rendered":"<p>Jueves 15 a las 20:30hs en la Sala Gunther Blaas, <a href=\"https:\/\/cultura.sma.gob.ar\/?p=1486\" class=\"more-link\">Continue reading <span class=\"screen-reader-text\">Atrapados en el tiempo: una nueva proyecci\u00f3n de Risas y Sonrisas<\/span><\/a><\/p>\n","protected":false},"author":1,"featured_media":297,"comment_status":"closed","ping_status":"","sticky":false,"template":"","format":"image","meta":{"footnotes":""},"categories":[2],"tags":[],"class_list":["post-1486","post","type-post","status-publish","format-image","has-post-thumbnail","hentry","category-ciudad-cultural","post_format-post-format-image"],"_links":{"self":[{"href":"https:\/\/cultura.sma.gob.ar\/index.php?rest_route=\/wp\/v2\/posts\/1486","targetHints":{"allow":["GET"]}}],"collection":[{"href":"https:\/\/cultura.sma.gob.ar\/index.php?rest_route=\/wp\/v2\/posts"}],"about":[{"href":"https:\/\/cultura.sma.gob.ar\/index.php?rest_route=\/wp\/v2\/types\/post"}],"author":[{"embeddable":true,"href":"https:\/\/cultura.sma.gob.ar\/index.php?rest_route=\/wp\/v2\/users\/1"}],"replies":[{"embeddable":true,"href":"https:\/\/cultura.sma.gob.ar\/index.php?rest_route=%2Fwp%2Fv2%2Fcomments&post=1486"}],"version-history":[{"count":1,"href":"https:\/\/cultura.sma.gob.ar\/index.php?rest_route=\/wp\/v2\/posts\/1486\/revisions"}],"predecessor-version":[{"id":1488,"href":"https:\/\/cultura.sma.gob.ar\/index.php?rest_route=\/wp\/v2\/posts\/1486\/revisions\/1488"}],"wp:featuredmedia":[{"embeddable":true,"href":"https:\/\/cultura.sma.gob.ar\/index.php?rest_route=\/wp\/v2\/media\/297"}],"wp:attachment":[{"href":"https:\/\/cultura.sma.gob.ar\/index.php?rest_route=%2Fwp%2Fv2%2Fmedia&parent=1486"}],"wp:term":[{"taxonomy":"category","embeddable":true,"href":"https:\/\/cultura.sma.gob.ar\/index.php?rest_route=%2Fwp%2Fv2%2Fcategories&post=1486"},{"taxonomy":"post_tag","embeddable":true,"href":"https:\/\/cultura.sma.gob.ar\/index.php?rest_route=%2Fwp%2Fv2%2Ftags&post=1486"}],"curies":[{"name":"wp","href":"https:\/\/api.w.org\/{rel}","templated":true}]}}