{"id":1468,"date":"2021-04-08T11:18:22","date_gmt":"2021-04-08T14:18:22","guid":{"rendered":"http:\/\/cultura.sma.gob.ar\/?p=1468"},"modified":"2021-04-08T11:18:22","modified_gmt":"2021-04-08T14:18:22","slug":"nuevas-propuestas-en-calle-cultural-y-menu-cultural-para-este-fin-de-semana","status":"publish","type":"post","link":"https:\/\/cultura.sma.gob.ar\/?p=1468","title":{"rendered":"Nuevas propuestas en Calle Cultural y Men\u00fa Cultural para este fin de semana"},"content":{"rendered":"\n<div class=\"wp-block-image\"><figure class=\"aligncenter size-large\"><img loading=\"lazy\" decoding=\"async\" width=\"1024\" height=\"1024\" src=\"http:\/\/cultura.sma.gob.ar\/wp-content\/uploads\/2021\/04\/CRISTIAN-SHOW-30-1024x1024.png\" alt=\"\" class=\"wp-image-1472\" srcset=\"https:\/\/cultura.sma.gob.ar\/wp-content\/uploads\/2021\/04\/CRISTIAN-SHOW-30-1024x1024.png 1024w, https:\/\/cultura.sma.gob.ar\/wp-content\/uploads\/2021\/04\/CRISTIAN-SHOW-30-300x300.png 300w, https:\/\/cultura.sma.gob.ar\/wp-content\/uploads\/2021\/04\/CRISTIAN-SHOW-30-150x150.png 150w, https:\/\/cultura.sma.gob.ar\/wp-content\/uploads\/2021\/04\/CRISTIAN-SHOW-30-768x768.png 768w, https:\/\/cultura.sma.gob.ar\/wp-content\/uploads\/2021\/04\/CRISTIAN-SHOW-30-90x90.png 90w, https:\/\/cultura.sma.gob.ar\/wp-content\/uploads\/2021\/04\/CRISTIAN-SHOW-30.png 1080w\" sizes=\"auto, (max-width: 1024px) 100vw, 1024px\" \/><\/figure><\/div>\n\n\n\n<p><strong>CALLE \u00a0CULTURAL<\/strong><\/p>\n\n\n\n<ul class=\"wp-block-list\"><li>Este s\u00e1bado <strong>10 de abri<\/strong>l, a partir de las <strong>18hs,<\/strong>\u00a0habr\u00e1 m\u00fasica en vivo afuera de la cooperativa Obrera de <strong>Chacra 30<\/strong>. Jazz, Blue&#8217;s, R&#8217;n&#8217;r, boleros y m\u00e1s en saxof\u00f3n con <strong>Lautaro Marino<\/strong>. Tr\u00e1ete barbijo y ven\u00ed a compartir linda m\u00fasica.<\/li><\/ul>\n\n\n\n<p><strong>MENU CULTURAL<\/strong><\/p>\n\n\n\n<ul class=\"wp-block-list\"><li>Adem\u00e1s, el mismo s\u00e1bado <strong>10 de abri<\/strong>l\u00a0 en <strong>Spot Cervecer\u00eda<\/strong> se presentar\u00e1 la banda local \u201c<strong>Los Fernandos\u201d<\/strong> a las<strong> 22hs<\/strong> con\u00a0 <strong>Mar de Muertos<\/strong>.<\/li><\/ul>\n\n\n\n<div class=\"wp-block-image\"><figure class=\"aligncenter size-large is-resized\"><img loading=\"lazy\" decoding=\"async\" src=\"http:\/\/cultura.sma.gob.ar\/wp-content\/uploads\/2021\/04\/los-fernandos-1024x1024.png\" alt=\"\" class=\"wp-image-1471\" width=\"528\" height=\"528\" srcset=\"https:\/\/cultura.sma.gob.ar\/wp-content\/uploads\/2021\/04\/los-fernandos-1024x1024.png 1024w, https:\/\/cultura.sma.gob.ar\/wp-content\/uploads\/2021\/04\/los-fernandos-300x300.png 300w, https:\/\/cultura.sma.gob.ar\/wp-content\/uploads\/2021\/04\/los-fernandos-150x150.png 150w, https:\/\/cultura.sma.gob.ar\/wp-content\/uploads\/2021\/04\/los-fernandos-768x768.png 768w, https:\/\/cultura.sma.gob.ar\/wp-content\/uploads\/2021\/04\/los-fernandos-90x90.png 90w, https:\/\/cultura.sma.gob.ar\/wp-content\/uploads\/2021\/04\/los-fernandos.png 1080w\" sizes=\"auto, (max-width: 528px) 100vw, 528px\" \/><\/figure><\/div>\n","protected":false},"excerpt":{"rendered":"<p>Dos propuestas para este s\u00e1bado. <a href=\"https:\/\/cultura.sma.gob.ar\/?p=1468\" class=\"more-link\">Continue reading <span class=\"screen-reader-text\">Nuevas propuestas en Calle Cultural y Men\u00fa Cultural para este fin de semana<\/span><\/a><\/p>\n","protected":false},"author":1,"featured_media":1469,"comment_status":"closed","ping_status":"","sticky":false,"template":"","format":"image","meta":{"footnotes":""},"categories":[3,9],"tags":[],"class_list":["post-1468","post","type-post","status-publish","format-image","has-post-thumbnail","hentry","category-eventos-cultura","category-ultimas-noticias","post_format-post-format-image"],"_links":{"self":[{"href":"https:\/\/cultura.sma.gob.ar\/index.php?rest_route=\/wp\/v2\/posts\/1468","targetHints":{"allow":["GET"]}}],"collection":[{"href":"https:\/\/cultura.sma.gob.ar\/index.php?rest_route=\/wp\/v2\/posts"}],"about":[{"href":"https:\/\/cultura.sma.gob.ar\/index.php?rest_route=\/wp\/v2\/types\/post"}],"author":[{"embeddable":true,"href":"https:\/\/cultura.sma.gob.ar\/index.php?rest_route=\/wp\/v2\/users\/1"}],"replies":[{"embeddable":true,"href":"https:\/\/cultura.sma.gob.ar\/index.php?rest_route=%2Fwp%2Fv2%2Fcomments&post=1468"}],"version-history":[{"count":1,"href":"https:\/\/cultura.sma.gob.ar\/index.php?rest_route=\/wp\/v2\/posts\/1468\/revisions"}],"predecessor-version":[{"id":1473,"href":"https:\/\/cultura.sma.gob.ar\/index.php?rest_route=\/wp\/v2\/posts\/1468\/revisions\/1473"}],"wp:featuredmedia":[{"embeddable":true,"href":"https:\/\/cultura.sma.gob.ar\/index.php?rest_route=\/wp\/v2\/media\/1469"}],"wp:attachment":[{"href":"https:\/\/cultura.sma.gob.ar\/index.php?rest_route=%2Fwp%2Fv2%2Fmedia&parent=1468"}],"wp:term":[{"taxonomy":"category","embeddable":true,"href":"https:\/\/cultura.sma.gob.ar\/index.php?rest_route=%2Fwp%2Fv2%2Fcategories&post=1468"},{"taxonomy":"post_tag","embeddable":true,"href":"https:\/\/cultura.sma.gob.ar\/index.php?rest_route=%2Fwp%2Fv2%2Ftags&post=1468"}],"curies":[{"name":"wp","href":"https:\/\/api.w.org\/{rel}","templated":true}]}}