{"id":1464,"date":"2021-04-08T10:38:11","date_gmt":"2021-04-08T13:38:11","guid":{"rendered":"http:\/\/cultura.sma.gob.ar\/?p=1464"},"modified":"2021-04-08T10:38:11","modified_gmt":"2021-04-08T13:38:11","slug":"festival-de-libros-intercambio-abierto-y-gratuito","status":"publish","type":"post","link":"https:\/\/cultura.sma.gob.ar\/?p=1464","title":{"rendered":"Festival de libros: intercambio abierto y gratuito"},"content":{"rendered":"\n<div class=\"wp-block-image\"><figure class=\"aligncenter size-large is-resized\"><img loading=\"lazy\" decoding=\"async\" src=\"http:\/\/cultura.sma.gob.ar\/wp-content\/uploads\/2021\/04\/unnamed-229x1024.jpg\" alt=\"\" class=\"wp-image-1465\" width=\"191\" height=\"856\" srcset=\"https:\/\/cultura.sma.gob.ar\/wp-content\/uploads\/2021\/04\/unnamed-67x300.jpg 67w, https:\/\/cultura.sma.gob.ar\/wp-content\/uploads\/2021\/04\/unnamed-343x1536.jpg 343w, https:\/\/cultura.sma.gob.ar\/wp-content\/uploads\/2021\/04\/unnamed-457x2048.jpg 457w, https:\/\/cultura.sma.gob.ar\/wp-content\/uploads\/2021\/04\/unnamed-20x90.jpg 20w, https:\/\/cultura.sma.gob.ar\/wp-content\/uploads\/2021\/04\/unnamed-scaled.jpg 572w\" sizes=\"auto, (max-width: 191px) 100vw, 191px\" \/><\/figure><\/div>\n\n\n\n<p>El s\u00e1bado 10 y domingo 11 de abril estaremos celebrando los 19 a\u00f1os de Librer\u00eda Patalibro en San Mart\u00edn de los Andes. Te invitamos a despedir esta nueva d\u00e9cada con nosotros, participando de un intercambio de libros abierto y gratuito.<\/p>\n\n\n\n<p>Si el tiempo acompa\u00f1a estaremos en la vereda de Librer\u00eda Patalibro de 10 a 20 hs (San Mart\u00edn 884 entre Belgrano y Drury), caso contrario en la Galer\u00eda Paseo del Mait\u00e9n que amablemente nos facilita un espacio en el horario de 10 a 12.30 y de 15.30 a 20 hs.<\/p>\n\n\n\n<p>Damos las gracias totales a las bibliotecas, editoriales, librer\u00edas y clientes que ya enviaron libros como donaci\u00f3n para este Festival.<\/p>\n\n\n\n<p>Los libros a intercambiar pueden ser de todo tipo: nuevos o le\u00eddos, para adultos o libros infantiles y juveniles. en cualquier idioma, comics, revistas, textos, etc. Todos los libros del Festival ser\u00e1n sellados en la 1er. hoja para ser identificados y que circulen libremente por siempre. Dispondremos los libros sobre mesas al aire libre y al finalizar el intercambio los que queden ser\u00e1n donados a bibliotecas u otras instituciones.<\/p>\n\n\n\n<p>Pod\u00e9s participar en el Festival de varias formas:<\/p>\n\n\n\n<p>&#8211; Ven\u00ed los d\u00edas del intercambio con los libros que quieras canjear y hacelo vos misma\/o<\/p>\n\n\n\n<p>&#8211; Si quer\u00e9s donar libros para que otros lectores los disfruten, pod\u00e9s traerlos a la librer\u00eda cualquier d\u00eda de esta semana en el horario de 9 a 22 hs.<\/p>\n\n\n\n<p>&#8211; Son bienvenidas las propuestas de otras formas de participaci\u00f3n<\/p>\n\n\n\n<p>Gracias a la vida, a clientes, editoriales y colaboradores que nos acompa\u00f1an todos los d\u00edas en este hermoso camino.<\/p>\n\n\n\n<p>COLABORAN:<\/p>\n\n\n\n<p>Biblioteca Popular 9 de Julio<br>Editorial y Distribuidora Caleuche-Libros<br>Calibroscopio ediciones y El Libro de Arena<br>CEM SMAndes<br>Cultura Sma<br>Ediciones Continente Argentina<br>Editorial Dunken<br>Fondo de Cultura Econ\u00f3mica Argentina<br>Galer\u00eda Paseo del Mait\u00e9n<br>Los Argonautas<br>Librer\u00eda Dickens<br>Siglo Veintiuno Editores Argentina<\/p>\n","protected":false},"excerpt":{"rendered":"<p>S\u00e1bado 10 y domingo 11 de abril, de 10 a 20hs en Librer\u00eda Patalibro. <a href=\"https:\/\/cultura.sma.gob.ar\/?p=1464\" class=\"more-link\">Continue reading <span class=\"screen-reader-text\">Festival de libros: intercambio abierto y gratuito<\/span><\/a><\/p>\n","protected":false},"author":1,"featured_media":297,"comment_status":"closed","ping_status":"","sticky":false,"template":"","format":"image","meta":{"footnotes":""},"categories":[2,9],"tags":[],"class_list":["post-1464","post","type-post","status-publish","format-image","has-post-thumbnail","hentry","category-ciudad-cultural","category-ultimas-noticias","post_format-post-format-image"],"_links":{"self":[{"href":"https:\/\/cultura.sma.gob.ar\/index.php?rest_route=\/wp\/v2\/posts\/1464","targetHints":{"allow":["GET"]}}],"collection":[{"href":"https:\/\/cultura.sma.gob.ar\/index.php?rest_route=\/wp\/v2\/posts"}],"about":[{"href":"https:\/\/cultura.sma.gob.ar\/index.php?rest_route=\/wp\/v2\/types\/post"}],"author":[{"embeddable":true,"href":"https:\/\/cultura.sma.gob.ar\/index.php?rest_route=\/wp\/v2\/users\/1"}],"replies":[{"embeddable":true,"href":"https:\/\/cultura.sma.gob.ar\/index.php?rest_route=%2Fwp%2Fv2%2Fcomments&post=1464"}],"version-history":[{"count":1,"href":"https:\/\/cultura.sma.gob.ar\/index.php?rest_route=\/wp\/v2\/posts\/1464\/revisions"}],"predecessor-version":[{"id":1466,"href":"https:\/\/cultura.sma.gob.ar\/index.php?rest_route=\/wp\/v2\/posts\/1464\/revisions\/1466"}],"wp:featuredmedia":[{"embeddable":true,"href":"https:\/\/cultura.sma.gob.ar\/index.php?rest_route=\/wp\/v2\/media\/297"}],"wp:attachment":[{"href":"https:\/\/cultura.sma.gob.ar\/index.php?rest_route=%2Fwp%2Fv2%2Fmedia&parent=1464"}],"wp:term":[{"taxonomy":"category","embeddable":true,"href":"https:\/\/cultura.sma.gob.ar\/index.php?rest_route=%2Fwp%2Fv2%2Fcategories&post=1464"},{"taxonomy":"post_tag","embeddable":true,"href":"https:\/\/cultura.sma.gob.ar\/index.php?rest_route=%2Fwp%2Fv2%2Ftags&post=1464"}],"curies":[{"name":"wp","href":"https:\/\/api.w.org\/{rel}","templated":true}]}}