{"id":1460,"date":"2021-04-08T10:17:03","date_gmt":"2021-04-08T13:17:03","guid":{"rendered":"http:\/\/cultura.sma.gob.ar\/?p=1460"},"modified":"2021-04-08T10:17:03","modified_gmt":"2021-04-08T13:17:03","slug":"el-ritmo-de-las-palabras-taller-de-lenguaje-musical","status":"publish","type":"post","link":"https:\/\/cultura.sma.gob.ar\/?p=1460","title":{"rendered":"El ritmo de las palabras &#8211; taller de lenguaje musical"},"content":{"rendered":"\n<figure class=\"wp-block-image size-large\"><img loading=\"lazy\" decoding=\"async\" width=\"1024\" height=\"1024\" src=\"http:\/\/cultura.sma.gob.ar\/wp-content\/uploads\/2021\/04\/El-ritmo-de-las-palabras-Flyer-1024x1024.jpg\" alt=\"\" class=\"wp-image-1461\" srcset=\"https:\/\/cultura.sma.gob.ar\/wp-content\/uploads\/2021\/04\/El-ritmo-de-las-palabras-Flyer-1024x1024.jpg 1024w, https:\/\/cultura.sma.gob.ar\/wp-content\/uploads\/2021\/04\/El-ritmo-de-las-palabras-Flyer-300x300.jpg 300w, https:\/\/cultura.sma.gob.ar\/wp-content\/uploads\/2021\/04\/El-ritmo-de-las-palabras-Flyer-150x150.jpg 150w, https:\/\/cultura.sma.gob.ar\/wp-content\/uploads\/2021\/04\/El-ritmo-de-las-palabras-Flyer-768x768.jpg 768w, https:\/\/cultura.sma.gob.ar\/wp-content\/uploads\/2021\/04\/El-ritmo-de-las-palabras-Flyer-90x90.jpg 90w, https:\/\/cultura.sma.gob.ar\/wp-content\/uploads\/2021\/04\/El-ritmo-de-las-palabras-Flyer.jpg 1080w\" sizes=\"auto, (max-width: 1024px) 100vw, 1024px\" \/><\/figure>\n\n\n\n<p>El pr\u00f3ximo s\u00e1bado, 10 de abril a las 19hs, comienza un nuevo Taller en el Sal\u00f3n de Usos M\u00faltiples de nuestro querido Centro Cultural. Clara Miglioli y Tom\u00e1s Stancatti llevar\u00e1n a cabo &#8220;El Ritmo de las Palabras&#8221;.&nbsp;<\/p>\n\n\n\n<p><em>\u201cEste taller lo armamos para poder aprender lenguaje musical desde el juego con los ritmos y las palabras\u201d.<\/em><br>Se trabajar\u00e1 con&nbsp;herramientas de composici\u00f3n, po\u00e9tica y musical. Componiendo y jugando con el pulso, las figuras r\u00edtmicas y el ritmo que viene con el decir.<\/p>\n\n\n\n<p>La m\u00fasica es un lenguaje universal, y lo que se pretende siempre con este trabajo es que cada persona pueda componer sus propias letras y melod\u00edas, libres de juicio por el \u00fanico hecho de que la m\u00fasica se hace disfrutando.<br>Durante el 2020 realizaron varias ediciones de manera virtual logrando un resultado incre\u00edble, pensando y teniendo como meta que la modalidad presencial sea a\u00fan mejor.<\/p>\n\n\n\n<p>Ser\u00e1n seis encuentros de dos horas cada uno. Los s\u00e1bados de 19hs a 21hs.<\/p>\n\n\n\n<p>El valor total del taller es de 4000 pesos. Se puede pagar la mitad ahora para reservar cupo y la otra mitad en abril.<br>Contacto, Informes y Reservas: +54 9 11 6437-7937.<\/p>\n","protected":false},"excerpt":{"rendered":"<p>Inicio s\u00e1bado 10 a las 19hs &#8211; Centro Cultural Cotesma <a href=\"https:\/\/cultura.sma.gob.ar\/?p=1460\" class=\"more-link\">Continue reading <span class=\"screen-reader-text\">El ritmo de las palabras &#8211; taller de lenguaje musical<\/span><\/a><\/p>\n","protected":false},"author":1,"featured_media":297,"comment_status":"closed","ping_status":"","sticky":false,"template":"","format":"image","meta":{"footnotes":""},"categories":[2,9],"tags":[],"class_list":["post-1460","post","type-post","status-publish","format-image","has-post-thumbnail","hentry","category-ciudad-cultural","category-ultimas-noticias","post_format-post-format-image"],"_links":{"self":[{"href":"https:\/\/cultura.sma.gob.ar\/index.php?rest_route=\/wp\/v2\/posts\/1460","targetHints":{"allow":["GET"]}}],"collection":[{"href":"https:\/\/cultura.sma.gob.ar\/index.php?rest_route=\/wp\/v2\/posts"}],"about":[{"href":"https:\/\/cultura.sma.gob.ar\/index.php?rest_route=\/wp\/v2\/types\/post"}],"author":[{"embeddable":true,"href":"https:\/\/cultura.sma.gob.ar\/index.php?rest_route=\/wp\/v2\/users\/1"}],"replies":[{"embeddable":true,"href":"https:\/\/cultura.sma.gob.ar\/index.php?rest_route=%2Fwp%2Fv2%2Fcomments&post=1460"}],"version-history":[{"count":1,"href":"https:\/\/cultura.sma.gob.ar\/index.php?rest_route=\/wp\/v2\/posts\/1460\/revisions"}],"predecessor-version":[{"id":1462,"href":"https:\/\/cultura.sma.gob.ar\/index.php?rest_route=\/wp\/v2\/posts\/1460\/revisions\/1462"}],"wp:featuredmedia":[{"embeddable":true,"href":"https:\/\/cultura.sma.gob.ar\/index.php?rest_route=\/wp\/v2\/media\/297"}],"wp:attachment":[{"href":"https:\/\/cultura.sma.gob.ar\/index.php?rest_route=%2Fwp%2Fv2%2Fmedia&parent=1460"}],"wp:term":[{"taxonomy":"category","embeddable":true,"href":"https:\/\/cultura.sma.gob.ar\/index.php?rest_route=%2Fwp%2Fv2%2Fcategories&post=1460"},{"taxonomy":"post_tag","embeddable":true,"href":"https:\/\/cultura.sma.gob.ar\/index.php?rest_route=%2Fwp%2Fv2%2Ftags&post=1460"}],"curies":[{"name":"wp","href":"https:\/\/api.w.org\/{rel}","templated":true}]}}