{"id":1455,"date":"2021-04-08T09:41:52","date_gmt":"2021-04-08T12:41:52","guid":{"rendered":"http:\/\/cultura.sma.gob.ar\/?p=1455"},"modified":"2021-04-08T09:41:52","modified_gmt":"2021-04-08T12:41:52","slug":"hermandad-en-vivo-centro-cultural-cotesma","status":"publish","type":"post","link":"https:\/\/cultura.sma.gob.ar\/?p=1455","title":{"rendered":"Hermandad en vivo &#8211; Centro Cultural Cotesma"},"content":{"rendered":"\n<figure class=\"wp-block-image size-large\"><img loading=\"lazy\" decoding=\"async\" width=\"731\" height=\"1024\" src=\"http:\/\/cultura.sma.gob.ar\/wp-content\/uploads\/2021\/04\/Hermandad-Flyer-24-04-731x1024.jpg\" alt=\"\" class=\"wp-image-1456\" srcset=\"https:\/\/cultura.sma.gob.ar\/wp-content\/uploads\/2021\/04\/Hermandad-Flyer-24-04-731x1024.jpg 731w, https:\/\/cultura.sma.gob.ar\/wp-content\/uploads\/2021\/04\/Hermandad-Flyer-24-04-214x300.jpg 214w, https:\/\/cultura.sma.gob.ar\/wp-content\/uploads\/2021\/04\/Hermandad-Flyer-24-04-768x1076.jpg 768w, https:\/\/cultura.sma.gob.ar\/wp-content\/uploads\/2021\/04\/Hermandad-Flyer-24-04-64x90.jpg 64w, https:\/\/cultura.sma.gob.ar\/wp-content\/uploads\/2021\/04\/Hermandad-Flyer-24-04.jpg 914w\" sizes=\"auto, (max-width: 731px) 100vw, 731px\" \/><\/figure>\n\n\n\n<p>El pr\u00f3ximo s\u00e1bado, 24 de abril a las 22hs, viviremos otra imperdible noche musical en nuestra querida Sala Amankay. Regresa al Centro Cultural Cotesma, para compartir con su p\u00fablico, luego del streaming 2020, \u201cHERMANDAD\u201d.<\/p>\n\n\n\n<p>Hermandad es un conjunto musical formado por los hermanos Clara Miglioli (Claridad) y Diego Miglioli (Oli Miglioli). El proyecto surge a mediados del 2015 cuando Oli viviendo en San Martin de los Andes y Claridad que en ese momento se encontraba radicada en Buenos Aires, empezaron a intercambiar beats y letras. Tales intercambios artisticos terminaron siendo las canciones que iban a formar su primer disco en conjunto.&nbsp; En 2017 lanzan \u201cHermandad\u201d, canciones donde se fusionan el Rap, Soul y el Reggae Jamaiquino.<br>En 2020, en plena pandemia comenzaron a armar la banda completa en San Mart\u00edn de los Andes. Sumando a Mateo Calderoni&nbsp; en Bater\u00eda, Rodrigo Li\u00f1eiro en Bajo y Tom Stancatti en teclados.<\/p>\n\n\n\n<p>Este 24 de abril se presentar\u00e1n en el Centro Cultural Cotesma para compartir su fusi\u00f3n de g\u00e9neros del groove, con letras de gran profundidad y armon\u00edas vocales que logran cautivar al o\u00eddo del espectador.<\/p>\n\n\n\n<p>El valor de la entrada es de 300 pesos, en venta en la boleteria del Centro Cultural. Cupos limitados por protocolo.<\/p>\n","protected":false},"excerpt":{"rendered":"<p>24 de abril a las 22hs en la Sala Amankay <a href=\"https:\/\/cultura.sma.gob.ar\/?p=1455\" class=\"more-link\">Continue reading <span class=\"screen-reader-text\">Hermandad en vivo &#8211; Centro Cultural Cotesma<\/span><\/a><\/p>\n","protected":false},"author":1,"featured_media":297,"comment_status":"closed","ping_status":"","sticky":false,"template":"","format":"image","meta":{"footnotes":""},"categories":[2,9],"tags":[],"class_list":["post-1455","post","type-post","status-publish","format-image","has-post-thumbnail","hentry","category-ciudad-cultural","category-ultimas-noticias","post_format-post-format-image"],"_links":{"self":[{"href":"https:\/\/cultura.sma.gob.ar\/index.php?rest_route=\/wp\/v2\/posts\/1455","targetHints":{"allow":["GET"]}}],"collection":[{"href":"https:\/\/cultura.sma.gob.ar\/index.php?rest_route=\/wp\/v2\/posts"}],"about":[{"href":"https:\/\/cultura.sma.gob.ar\/index.php?rest_route=\/wp\/v2\/types\/post"}],"author":[{"embeddable":true,"href":"https:\/\/cultura.sma.gob.ar\/index.php?rest_route=\/wp\/v2\/users\/1"}],"replies":[{"embeddable":true,"href":"https:\/\/cultura.sma.gob.ar\/index.php?rest_route=%2Fwp%2Fv2%2Fcomments&post=1455"}],"version-history":[{"count":1,"href":"https:\/\/cultura.sma.gob.ar\/index.php?rest_route=\/wp\/v2\/posts\/1455\/revisions"}],"predecessor-version":[{"id":1457,"href":"https:\/\/cultura.sma.gob.ar\/index.php?rest_route=\/wp\/v2\/posts\/1455\/revisions\/1457"}],"wp:featuredmedia":[{"embeddable":true,"href":"https:\/\/cultura.sma.gob.ar\/index.php?rest_route=\/wp\/v2\/media\/297"}],"wp:attachment":[{"href":"https:\/\/cultura.sma.gob.ar\/index.php?rest_route=%2Fwp%2Fv2%2Fmedia&parent=1455"}],"wp:term":[{"taxonomy":"category","embeddable":true,"href":"https:\/\/cultura.sma.gob.ar\/index.php?rest_route=%2Fwp%2Fv2%2Fcategories&post=1455"},{"taxonomy":"post_tag","embeddable":true,"href":"https:\/\/cultura.sma.gob.ar\/index.php?rest_route=%2Fwp%2Fv2%2Ftags&post=1455"}],"curies":[{"name":"wp","href":"https:\/\/api.w.org\/{rel}","templated":true}]}}