{"id":1451,"date":"2021-04-08T09:37:01","date_gmt":"2021-04-08T12:37:01","guid":{"rendered":"http:\/\/cultura.sma.gob.ar\/?p=1451"},"modified":"2021-04-08T09:37:01","modified_gmt":"2021-04-08T12:37:01","slug":"las-voces-del-cuerpo-seminario-de-yoga-vinculado-al-canto","status":"publish","type":"post","link":"https:\/\/cultura.sma.gob.ar\/?p=1451","title":{"rendered":"Las voces del cuerpo: seminario de yoga vinculado al canto"},"content":{"rendered":"\n<figure class=\"wp-block-image size-large\"><img loading=\"lazy\" decoding=\"async\" width=\"1024\" height=\"1024\" src=\"http:\/\/cultura.sma.gob.ar\/wp-content\/uploads\/2021\/04\/Flyer-Las-voces-del-Cuerpo-1024x1024.jpg\" alt=\"\" class=\"wp-image-1452\" srcset=\"https:\/\/cultura.sma.gob.ar\/wp-content\/uploads\/2021\/04\/Flyer-Las-voces-del-Cuerpo-1024x1024.jpg 1024w, https:\/\/cultura.sma.gob.ar\/wp-content\/uploads\/2021\/04\/Flyer-Las-voces-del-Cuerpo-300x300.jpg 300w, https:\/\/cultura.sma.gob.ar\/wp-content\/uploads\/2021\/04\/Flyer-Las-voces-del-Cuerpo-150x150.jpg 150w, https:\/\/cultura.sma.gob.ar\/wp-content\/uploads\/2021\/04\/Flyer-Las-voces-del-Cuerpo-768x768.jpg 768w, https:\/\/cultura.sma.gob.ar\/wp-content\/uploads\/2021\/04\/Flyer-Las-voces-del-Cuerpo-90x90.jpg 90w, https:\/\/cultura.sma.gob.ar\/wp-content\/uploads\/2021\/04\/Flyer-Las-voces-del-Cuerpo.jpg 1080w\" sizes=\"auto, (max-width: 1024px) 100vw, 1024px\" \/><\/figure>\n\n\n\n<p>El pr\u00f3ximo s\u00e1bado 17 de abril de 14:30hs a 16:30hs en el Sal\u00f3n de Usos M\u00faltiples de nuestro querido Centro Cultural Cotesma, comienza el Seminario de Yoga vinculado al canto titulado \u201cLAS VOCES DEL CUERPO\u201d.<\/p>\n\n\n\n<p>Este proyecto surge de una exploraci\u00f3n que combina el yoga y la voz, pr\u00e1cticas que son parte de nuestra vida diaria. Se trabajar\u00e1 sobre vocalizaciones adaptadas a posturas y movimientos del yoga, descubriendo las posibilidades de cada voz y explorando m\u00e1s all\u00e1 de los m\u00e9todos conocidos. Se utilizar\u00e1 repertorio de la m\u00fasica popular latinoamericana seleccionando para cada encuentro una canci\u00f3n para volcar todo lo explorado en el taller. El encuentro propone tanto el acercamiento desde el cuerpo propio, as\u00ed como la b\u00fasqueda de la sonoridad y la expresi\u00f3n colectiva. \u00bfQu\u00e9 voces se activan al despertar el cuerpo? \u00bfDesde d\u00f3nde escuchamos el cuerpo?<\/p>\n\n\n\n<p>Destinatarios: personas con inter\u00e9s en explorar esta herramienta, con o sin experiencia previa.<\/p>\n\n\n\n<p>Ser\u00e1 con modalidad presencial, los terceros s\u00e1bados de cada mes de 14:30hs a 16:30hs. En todos los encuentros se cumplir\u00e1n con los protocolos correspondientes, con un cupo m\u00e1ximo de 8 personas.<\/p>\n\n\n\n<p>D\u00eda y horario: S\u00e1bados de 14.30hs a 16.30hs<\/p>\n\n\n\n<p>Retribuci\u00f3n: El taller tiene un costo de $1000 cada encuentro. Se abona a modo de se\u00f1a el 20% ($200) por transferencia a la siguiente cuenta:<\/p>\n\n\n\n<p>CBU: 0170361840000035718532<br>Alias: PISTA.TARDE.LILA<br>Titular de la cuenta: MARTINEZ AYELEN MARTA<br>Documento: 35113228<br>CUIL\/CUIT\/CDI: 27351132286<br>Es Cuenta Corriente: No<\/p>\n\n\n\n<p>Cualquier consulta, nos escirben a: whatsapp: 221-6696676 o 221-6125130 o por mail aye.martinezmar@gmail.com,&nbsp;<a href=\"https:\/\/correo.smandes.gov.ar\/owa\/redir.aspx?C=a01d3b23fb214dffbab058daf4e23c36&amp;URL=mailto%3acovrevaleria3%40gmail.com\">covrevaleria3@gmail.com<\/a><\/p>\n","protected":false},"excerpt":{"rendered":"<p>Inicio s\u00e1bado 17 de abril &#8211; Centro Cultural Cotesma. <a href=\"https:\/\/cultura.sma.gob.ar\/?p=1451\" class=\"more-link\">Continue reading <span class=\"screen-reader-text\">Las voces del cuerpo: seminario de yoga vinculado al canto<\/span><\/a><\/p>\n","protected":false},"author":1,"featured_media":297,"comment_status":"closed","ping_status":"","sticky":false,"template":"","format":"image","meta":{"footnotes":""},"categories":[2,9],"tags":[],"class_list":["post-1451","post","type-post","status-publish","format-image","has-post-thumbnail","hentry","category-ciudad-cultural","category-ultimas-noticias","post_format-post-format-image"],"_links":{"self":[{"href":"https:\/\/cultura.sma.gob.ar\/index.php?rest_route=\/wp\/v2\/posts\/1451","targetHints":{"allow":["GET"]}}],"collection":[{"href":"https:\/\/cultura.sma.gob.ar\/index.php?rest_route=\/wp\/v2\/posts"}],"about":[{"href":"https:\/\/cultura.sma.gob.ar\/index.php?rest_route=\/wp\/v2\/types\/post"}],"author":[{"embeddable":true,"href":"https:\/\/cultura.sma.gob.ar\/index.php?rest_route=\/wp\/v2\/users\/1"}],"replies":[{"embeddable":true,"href":"https:\/\/cultura.sma.gob.ar\/index.php?rest_route=%2Fwp%2Fv2%2Fcomments&post=1451"}],"version-history":[{"count":1,"href":"https:\/\/cultura.sma.gob.ar\/index.php?rest_route=\/wp\/v2\/posts\/1451\/revisions"}],"predecessor-version":[{"id":1453,"href":"https:\/\/cultura.sma.gob.ar\/index.php?rest_route=\/wp\/v2\/posts\/1451\/revisions\/1453"}],"wp:featuredmedia":[{"embeddable":true,"href":"https:\/\/cultura.sma.gob.ar\/index.php?rest_route=\/wp\/v2\/media\/297"}],"wp:attachment":[{"href":"https:\/\/cultura.sma.gob.ar\/index.php?rest_route=%2Fwp%2Fv2%2Fmedia&parent=1451"}],"wp:term":[{"taxonomy":"category","embeddable":true,"href":"https:\/\/cultura.sma.gob.ar\/index.php?rest_route=%2Fwp%2Fv2%2Fcategories&post=1451"},{"taxonomy":"post_tag","embeddable":true,"href":"https:\/\/cultura.sma.gob.ar\/index.php?rest_route=%2Fwp%2Fv2%2Ftags&post=1451"}],"curies":[{"name":"wp","href":"https:\/\/api.w.org\/{rel}","templated":true}]}}