{"id":1447,"date":"2021-04-08T09:06:31","date_gmt":"2021-04-08T12:06:31","guid":{"rendered":"http:\/\/cultura.sma.gob.ar\/?p=1447"},"modified":"2021-04-09T08:53:22","modified_gmt":"2021-04-09T11:53:22","slug":"lado-b-encuentro-taller-especial-sobre-procesos-de-creacion-en-las-artes-visuales","status":"publish","type":"post","link":"https:\/\/cultura.sma.gob.ar\/?p=1447","title":{"rendered":"\u201cLado B\u201d: encuentro-taller especial sobre procesos de creaci\u00f3n en las artes audiovisuales"},"content":{"rendered":"\n<figure class=\"wp-block-image size-large\"><img decoding=\"async\" src=\"http:\/\/cultura.sma.gob.ar\/wp-content\/uploads\/2021\/04\/actividad-especial-01-1024x1024.jpg\" alt=\"\" class=\"wp-image-1448\"\/><\/figure>\n\n\n\n<p>Este viernes 9 de abril, de 18:30 a 20hs, se llevar\u00e1 a cabo una actividad especial ligada a las muestras fotogr\u00e1ficas que actualmente se expone en la Sala Municipal Lidaura Chapitel.&nbsp; El encuentro-taller estar\u00e1 facilitado por la artista Andrea Cosentino, con entrada libre y gratuita.<\/p>\n\n\n\n<p>Atendiendo al protocolo sanitario, habr\u00e1 un cupo limitado de 10 personas, que ingresar\u00e1n por orden de llegada.<\/p>\n\n\n\n<p>En una primera instancia, se realizar\u00e1 un breve recorrido por im\u00e1genes fotogr\u00e1ficas y audiovisuales del trabajo de <strong>Andrea Cosentino<\/strong>, como hilo conductor, una l\u00ednea de tiempo que dialogue, a trav\u00e9s de la imagen, sobre los diversos procesos creativos que ha abordado, abandonado y resignificado.<\/p>\n\n\n\n<p>En una segunda instancia, se propondr\u00e1 una actividad participativa, con el fin de abordar, de manera pr\u00e1ctica, el concepto de lo inmediato, de identificar un impulso como punto de partida y seguirlo para generar un material concreto y palpable. El foco no estar\u00e1 puesto en el producto sino en la experiencia, en poder vivenciar, aunque sea por un instante, las posibilidades que nos brinda este tipo de proceso creativo.<\/p>\n\n\n\n<p><strong>Andrea Cosentino<\/strong> naci\u00f3 en Buenos Aires en 1988. En el a\u00f1o 2011 egres\u00f3 de la carrera de producci\u00f3n cinematogr\u00e1fica en la ENERC. Dos a\u00f1os despu\u00e9s realiz\u00f3 un Posgrado en Industrias Culturales en la UNTREF.&nbsp; Se form\u00f3 como fot\u00f3grafa en la Escuela de fotograf\u00eda creativa, Centro Cultural Rojas y Club Cultural Matienzo. Sus fotograf\u00edas fueron expuestas en el Congreso de la Naci\u00f3n, Legislatura Porte\u00f1a y diversas revistas digitales.<\/p>\n\n\n\n<p>Trabaj\u00f3 en el \u00e1rea de producci\u00f3n en largometrajes, series y cortometrajes nacionales. Actualmente reside en San Mart\u00edn de los Andes, d\u00f3nde es tutora en la ENERC Patagonia Norte y dirige IRME, video seleccionado para integrar el cat\u00e1logo de la fundaci\u00f3n Bunge &amp; Born, &#8220;Im\u00e1genes en tiempos de Pandemia&#8221;, FAA, y \u201cEn la quietud\u201d, video-minuto seleccionado en el FAB y FAA.<\/p>\n","protected":false},"excerpt":{"rendered":"<p>Viernes 9 de abril, 18:30hs, en la Sala Lidaura Chapitel.  <a href=\"https:\/\/cultura.sma.gob.ar\/?p=1447\" class=\"more-link\">Continue reading <span class=\"screen-reader-text\">\u201cLado B\u201d: encuentro-taller especial sobre procesos de creaci\u00f3n en las artes audiovisuales<\/span><\/a><\/p>\n","protected":false},"author":1,"featured_media":1448,"comment_status":"closed","ping_status":"","sticky":false,"template":"","format":"image","meta":{"footnotes":""},"categories":[6,9],"tags":[],"class_list":["post-1447","post","type-post","status-publish","format-image","has-post-thumbnail","hentry","category-sala-lidaura-chapitel","category-ultimas-noticias","post_format-post-format-image"],"_links":{"self":[{"href":"https:\/\/cultura.sma.gob.ar\/index.php?rest_route=\/wp\/v2\/posts\/1447","targetHints":{"allow":["GET"]}}],"collection":[{"href":"https:\/\/cultura.sma.gob.ar\/index.php?rest_route=\/wp\/v2\/posts"}],"about":[{"href":"https:\/\/cultura.sma.gob.ar\/index.php?rest_route=\/wp\/v2\/types\/post"}],"author":[{"embeddable":true,"href":"https:\/\/cultura.sma.gob.ar\/index.php?rest_route=\/wp\/v2\/users\/1"}],"replies":[{"embeddable":true,"href":"https:\/\/cultura.sma.gob.ar\/index.php?rest_route=%2Fwp%2Fv2%2Fcomments&post=1447"}],"version-history":[{"count":2,"href":"https:\/\/cultura.sma.gob.ar\/index.php?rest_route=\/wp\/v2\/posts\/1447\/revisions"}],"predecessor-version":[{"id":1483,"href":"https:\/\/cultura.sma.gob.ar\/index.php?rest_route=\/wp\/v2\/posts\/1447\/revisions\/1483"}],"wp:featuredmedia":[{"embeddable":true,"href":"https:\/\/cultura.sma.gob.ar\/index.php?rest_route=\/wp\/v2\/media\/1448"}],"wp:attachment":[{"href":"https:\/\/cultura.sma.gob.ar\/index.php?rest_route=%2Fwp%2Fv2%2Fmedia&parent=1447"}],"wp:term":[{"taxonomy":"category","embeddable":true,"href":"https:\/\/cultura.sma.gob.ar\/index.php?rest_route=%2Fwp%2Fv2%2Fcategories&post=1447"},{"taxonomy":"post_tag","embeddable":true,"href":"https:\/\/cultura.sma.gob.ar\/index.php?rest_route=%2Fwp%2Fv2%2Ftags&post=1447"}],"curies":[{"name":"wp","href":"https:\/\/api.w.org\/{rel}","templated":true}]}}