{"id":1438,"date":"2021-04-07T09:18:44","date_gmt":"2021-04-07T12:18:44","guid":{"rendered":"http:\/\/cultura.sma.gob.ar\/?p=1438"},"modified":"2021-04-07T09:18:44","modified_gmt":"2021-04-07T12:18:44","slug":"e-magico-en-el-teatro-san-jose","status":"publish","type":"post","link":"https:\/\/cultura.sma.gob.ar\/?p=1438","title":{"rendered":"E M\u00e1gico en el teatro San Jos\u00e9"},"content":{"rendered":"\n<figure class=\"wp-block-image size-large\"><img loading=\"lazy\" decoding=\"async\" width=\"1024\" height=\"1024\" src=\"http:\/\/cultura.sma.gob.ar\/wp-content\/uploads\/2021\/04\/WhatsApp-Image-2021-03-31-at-15.36.23-1024x1024.jpeg\" alt=\"\" class=\"wp-image-1439\" srcset=\"https:\/\/cultura.sma.gob.ar\/wp-content\/uploads\/2021\/04\/WhatsApp-Image-2021-03-31-at-15.36.23-1024x1024.jpeg 1024w, https:\/\/cultura.sma.gob.ar\/wp-content\/uploads\/2021\/04\/WhatsApp-Image-2021-03-31-at-15.36.23-300x300.jpeg 300w, https:\/\/cultura.sma.gob.ar\/wp-content\/uploads\/2021\/04\/WhatsApp-Image-2021-03-31-at-15.36.23-150x150.jpeg 150w, https:\/\/cultura.sma.gob.ar\/wp-content\/uploads\/2021\/04\/WhatsApp-Image-2021-03-31-at-15.36.23-768x768.jpeg 768w, https:\/\/cultura.sma.gob.ar\/wp-content\/uploads\/2021\/04\/WhatsApp-Image-2021-03-31-at-15.36.23-90x90.jpeg 90w, https:\/\/cultura.sma.gob.ar\/wp-content\/uploads\/2021\/04\/WhatsApp-Image-2021-03-31-at-15.36.23.jpeg 1280w\" sizes=\"auto, (max-width: 1024px) 100vw, 1024px\" \/><\/figure>\n\n\n\n<p>Sinopsis:<\/p>\n\n\n\n<p>Sintetiza la particular experiencia que atraviesa una persona con Esclerosis M\u00faltiple.<br>Su enojo interno se refleja en un afuera muy cercano que, como un espejo, le hace percibir lo que niega y no deja ver.<br>Entre frustraciones y desconocimiento compartido, pone en tela de juicio su malestar, su \u201cdiscapacidad\u201d y la sociedad que lo rodea.<\/p>\n\n\n\n<p>Ficha t\u00e9cnica:<br>Juli\u00e1n Mariano Rico (Actor)<br>Lucas Gozategui (Actor)<br>Rodrigo Ezequiel Rec\u00fapero (Director y dramaturgo)<\/p>\n\n\n\n<p>P\u00fablico recomendado: Mayores de 16 a\u00f1os<\/p>\n\n\n\n<p>horario Funci\u00f3n: 20:30hs<\/p>\n\n\n\n<p>Valor entrada: $300. Entradas oficiales Teatro San Jos\u00e9. \u00danico punto de venta.<\/p>\n","protected":false},"excerpt":{"rendered":"<p>Viernes 9 de abril a las 20:30hs <a href=\"https:\/\/cultura.sma.gob.ar\/?p=1438\" class=\"more-link\">Continue reading <span class=\"screen-reader-text\">E M\u00e1gico en el teatro San Jos\u00e9<\/span><\/a><\/p>\n","protected":false},"author":1,"featured_media":292,"comment_status":"closed","ping_status":"","sticky":false,"template":"","format":"image","meta":{"footnotes":""},"categories":[2,8],"tags":[],"class_list":["post-1438","post","type-post","status-publish","format-image","has-post-thumbnail","hentry","category-ciudad-cultural","category-teatro-san-jose","post_format-post-format-image"],"_links":{"self":[{"href":"https:\/\/cultura.sma.gob.ar\/index.php?rest_route=\/wp\/v2\/posts\/1438","targetHints":{"allow":["GET"]}}],"collection":[{"href":"https:\/\/cultura.sma.gob.ar\/index.php?rest_route=\/wp\/v2\/posts"}],"about":[{"href":"https:\/\/cultura.sma.gob.ar\/index.php?rest_route=\/wp\/v2\/types\/post"}],"author":[{"embeddable":true,"href":"https:\/\/cultura.sma.gob.ar\/index.php?rest_route=\/wp\/v2\/users\/1"}],"replies":[{"embeddable":true,"href":"https:\/\/cultura.sma.gob.ar\/index.php?rest_route=%2Fwp%2Fv2%2Fcomments&post=1438"}],"version-history":[{"count":1,"href":"https:\/\/cultura.sma.gob.ar\/index.php?rest_route=\/wp\/v2\/posts\/1438\/revisions"}],"predecessor-version":[{"id":1440,"href":"https:\/\/cultura.sma.gob.ar\/index.php?rest_route=\/wp\/v2\/posts\/1438\/revisions\/1440"}],"wp:featuredmedia":[{"embeddable":true,"href":"https:\/\/cultura.sma.gob.ar\/index.php?rest_route=\/wp\/v2\/media\/292"}],"wp:attachment":[{"href":"https:\/\/cultura.sma.gob.ar\/index.php?rest_route=%2Fwp%2Fv2%2Fmedia&parent=1438"}],"wp:term":[{"taxonomy":"category","embeddable":true,"href":"https:\/\/cultura.sma.gob.ar\/index.php?rest_route=%2Fwp%2Fv2%2Fcategories&post=1438"},{"taxonomy":"post_tag","embeddable":true,"href":"https:\/\/cultura.sma.gob.ar\/index.php?rest_route=%2Fwp%2Fv2%2Ftags&post=1438"}],"curies":[{"name":"wp","href":"https:\/\/api.w.org\/{rel}","templated":true}]}}