{"id":1431,"date":"2021-04-04T09:28:11","date_gmt":"2021-04-04T12:28:11","guid":{"rendered":"http:\/\/cultura.sma.gob.ar\/?p=1431"},"modified":"2021-04-04T09:28:11","modified_gmt":"2021-04-04T12:28:11","slug":"la-secretaria-de-cultura-inaugura-6-estaciones-culturales-en-diferentes-barrios-de-la-ciudad-en-el-marco-del-programa-reencuentro","status":"publish","type":"post","link":"https:\/\/cultura.sma.gob.ar\/?p=1431","title":{"rendered":"La Secretar\u00eda de Cultura inaugura 6 Estaciones Culturales en diferentes barrios de la ciudad, en el marco del programa Reencuentro"},"content":{"rendered":"\n<figure class=\"wp-block-image size-large\"><img loading=\"lazy\" decoding=\"async\" width=\"1024\" height=\"1024\" src=\"http:\/\/cultura.sma.gob.ar\/wp-content\/uploads\/2021\/04\/programa-reencuentro_carteleria-04-1024x1024.jpg\" alt=\"\" class=\"wp-image-1432\" srcset=\"https:\/\/cultura.sma.gob.ar\/wp-content\/uploads\/2021\/04\/programa-reencuentro_carteleria-04-1024x1024.jpg 1024w, https:\/\/cultura.sma.gob.ar\/wp-content\/uploads\/2021\/04\/programa-reencuentro_carteleria-04-300x300.jpg 300w, https:\/\/cultura.sma.gob.ar\/wp-content\/uploads\/2021\/04\/programa-reencuentro_carteleria-04-150x150.jpg 150w, https:\/\/cultura.sma.gob.ar\/wp-content\/uploads\/2021\/04\/programa-reencuentro_carteleria-04-768x768.jpg 768w, https:\/\/cultura.sma.gob.ar\/wp-content\/uploads\/2021\/04\/programa-reencuentro_carteleria-04-1536x1536.jpg 1536w, https:\/\/cultura.sma.gob.ar\/wp-content\/uploads\/2021\/04\/programa-reencuentro_carteleria-04-90x90.jpg 90w, https:\/\/cultura.sma.gob.ar\/wp-content\/uploads\/2021\/04\/programa-reencuentro_carteleria-04.jpg 1875w\" sizes=\"auto, (max-width: 1024px) 100vw, 1024px\" \/><\/figure>\n\n\n\n<p>Las estaciones ser\u00e1n espacios culturales que ofrecer\u00e1n una amplia oferta de actividades recreativas, de iniciaci\u00f3n art\u00edstica y\/o capacitaci\u00f3n cultural. Cada una abrir\u00e1 2 o 3 d\u00edas a la semana, ofreciendo 3 actividades por d\u00eda (con cupo de 10 personas), de hasta 90 minutos cada una, entre las 16 y las 22 hs, respetando los protocolos sanitarios vigentes.<br><br>Las actividades ser\u00e1n ofrecidas por facilitadores culturales de diferentes disciplinas, que fueron elegidos luego de una convocatoria p\u00fablica en la que se presentaron m\u00e1s de 80 propuestas.<br><br>Cada estaci\u00f3n contar\u00e1 con una promotora cultural que se encargar\u00e1 de la difusi\u00f3n, inscripci\u00f3n y supervisi\u00f3n general del espacio.<br><br>Este lanzamiento se une a Men\u00fa Cultural y Calle Cultural, otras propuestas del programa Reencuentro que ya se vienen desarrollando desde enero con muy buenos resultados.<\/p>\n\n\n\n<p>Reencuentro es un programa de la Secretar\u00eda de Cultura de la Municipalidad de San Mart\u00edn de los Andes, que se realiza en el contexto de pandemia covid-19, con el objeto de facilitar los accesos al arte y la cultura, recomponiendo el ecosistema cultural de la localidad.\u00a0 \u00a0<br><br>El programa tiene tres l\u00edneas de acci\u00f3n:<br>1. Men\u00fa cultural, que consiste en ofrecer presentaciones en vivo (m\u00fasica, teatro, conferencias, etc.) en locales gastron\u00f3micos, fortaleciendo la funci\u00f3n social y cultural de estos espacios.<br>2. Calle Cultural, que consiste en realizar presentaciones de arte en el espacio p\u00fablico de los barrios.<br>3. Estaciones Culturales, que se inicia en el mes de abril.<\/p>\n\n\n\n<p>Las Estaciones Culturales que abren esta semana se ubican en la Delegaci\u00f3n Municipal de El Arenal, Centro Comunitario de Chacra 4, Delegaci\u00f3n Municipal de Vega Centro (Barrio Las Rosas), Junta Vecinal del Barrio Cantera, Consejo de los Mayores y Sala de Exposiciones Lidaura Chapitel.<br><br>Durante esta semana, las estaciones estar\u00e1n abiertas para que aquellas personas interesadas puedan acercarse a conocer la oferta de actividades e inscribirse a la que deseen, adem\u00e1s de conocer a las promotoras culturales de cada espacio. Tanto las direcciones de cada lugar como la grilla de d\u00edas y horarios se encuentran publicadas en <a href=\"http:\/\/cultura.sma.gob.ar\/2021\/04\/01\/estaciones-culturales-barrio-por-barrio\/\" data-type=\"post\" data-id=\"1418\">Calendario Cultural<\/a>.<\/p>\n","protected":false},"excerpt":{"rendered":"<p>Las estaciones ser\u00e1n espacios culturales que ofrecer\u00e1n una amplia oferta de actividades recreativas, de iniciaci\u00f3n art\u00edstica y\/o capacitaci\u00f3n cultural. <a href=\"https:\/\/cultura.sma.gob.ar\/?p=1431\" class=\"more-link\">Continue reading <span class=\"screen-reader-text\">La Secretar\u00eda de Cultura inaugura 6 Estaciones Culturales en diferentes barrios de la ciudad, en el marco del programa Reencuentro<\/span><\/a><\/p>\n","protected":false},"author":1,"featured_media":1432,"comment_status":"closed","ping_status":"","sticky":false,"template":"","format":"image","meta":{"footnotes":""},"categories":[7,9],"tags":[34,33],"class_list":["post-1431","post","type-post","status-publish","format-image","has-post-thumbnail","hentry","category-talleres-cultura","category-ultimas-noticias","tag-arte","tag-talleres-culturales","post_format-post-format-image"],"_links":{"self":[{"href":"https:\/\/cultura.sma.gob.ar\/index.php?rest_route=\/wp\/v2\/posts\/1431","targetHints":{"allow":["GET"]}}],"collection":[{"href":"https:\/\/cultura.sma.gob.ar\/index.php?rest_route=\/wp\/v2\/posts"}],"about":[{"href":"https:\/\/cultura.sma.gob.ar\/index.php?rest_route=\/wp\/v2\/types\/post"}],"author":[{"embeddable":true,"href":"https:\/\/cultura.sma.gob.ar\/index.php?rest_route=\/wp\/v2\/users\/1"}],"replies":[{"embeddable":true,"href":"https:\/\/cultura.sma.gob.ar\/index.php?rest_route=%2Fwp%2Fv2%2Fcomments&post=1431"}],"version-history":[{"count":1,"href":"https:\/\/cultura.sma.gob.ar\/index.php?rest_route=\/wp\/v2\/posts\/1431\/revisions"}],"predecessor-version":[{"id":1433,"href":"https:\/\/cultura.sma.gob.ar\/index.php?rest_route=\/wp\/v2\/posts\/1431\/revisions\/1433"}],"wp:featuredmedia":[{"embeddable":true,"href":"https:\/\/cultura.sma.gob.ar\/index.php?rest_route=\/wp\/v2\/media\/1432"}],"wp:attachment":[{"href":"https:\/\/cultura.sma.gob.ar\/index.php?rest_route=%2Fwp%2Fv2%2Fmedia&parent=1431"}],"wp:term":[{"taxonomy":"category","embeddable":true,"href":"https:\/\/cultura.sma.gob.ar\/index.php?rest_route=%2Fwp%2Fv2%2Fcategories&post=1431"},{"taxonomy":"post_tag","embeddable":true,"href":"https:\/\/cultura.sma.gob.ar\/index.php?rest_route=%2Fwp%2Fv2%2Ftags&post=1431"}],"curies":[{"name":"wp","href":"https:\/\/api.w.org\/{rel}","templated":true}]}}