{"id":1418,"date":"2021-04-01T15:01:05","date_gmt":"2021-04-01T18:01:05","guid":{"rendered":"http:\/\/cultura.sma.gob.ar\/?p=1418"},"modified":"2021-05-03T12:29:28","modified_gmt":"2021-05-03T15:29:28","slug":"estaciones-culturales-barrio-por-barrio","status":"publish","type":"post","link":"https:\/\/cultura.sma.gob.ar\/?p=1418","title":{"rendered":"Estaciones Culturales: barrio por barrio"},"content":{"rendered":"\n<figure class=\"wp-block-image size-large\"><img loading=\"lazy\" decoding=\"async\" width=\"1024\" height=\"1024\" src=\"http:\/\/cultura.sma.gob.ar\/wp-content\/uploads\/2021\/04\/programa-reencuentro_carteleria-04-1-1024x1024.jpg\" alt=\"\" class=\"wp-image-1646\" srcset=\"https:\/\/cultura.sma.gob.ar\/wp-content\/uploads\/2021\/04\/programa-reencuentro_carteleria-04-1-1024x1024.jpg 1024w, https:\/\/cultura.sma.gob.ar\/wp-content\/uploads\/2021\/04\/programa-reencuentro_carteleria-04-1-300x300.jpg 300w, https:\/\/cultura.sma.gob.ar\/wp-content\/uploads\/2021\/04\/programa-reencuentro_carteleria-04-1-150x150.jpg 150w, https:\/\/cultura.sma.gob.ar\/wp-content\/uploads\/2021\/04\/programa-reencuentro_carteleria-04-1-768x768.jpg 768w, https:\/\/cultura.sma.gob.ar\/wp-content\/uploads\/2021\/04\/programa-reencuentro_carteleria-04-1-1536x1536.jpg 1536w, https:\/\/cultura.sma.gob.ar\/wp-content\/uploads\/2021\/04\/programa-reencuentro_carteleria-04-1-90x90.jpg 90w, https:\/\/cultura.sma.gob.ar\/wp-content\/uploads\/2021\/04\/programa-reencuentro_carteleria-04-1.jpg 1875w\" sizes=\"auto, (max-width: 1024px) 100vw, 1024px\" \/><\/figure>\n\n\n\n<p>Las Estaciones Culturales son espacios recreativos y de iniciaci\u00f3n art\u00edstica, en donde se desarrollar\u00e1n una diversidad de talleres. En el listado que sigue vas a poder consultar la grilla de horarios y actividades en cada barrio:<\/p>\n\n\n\n<ul class=\"wp-block-list\"><li><a href=\"http:\/\/cultura.sma.gob.ar\/2021\/04\/01\/actividades-de-la-estacion-cultural-delegacion-vega-centro\/\" data-type=\"post\" data-id=\"1398\">Delegaci\u00f3n Vega Centro<\/a> &#8211; Promotora cultural: <strong>Patricia Mesa &#8211; Horarios de atenci\u00f3n<\/strong>: Lunes, mi\u00e9rcoles y viernes de 16 a 22hs.<\/li><li><a href=\"http:\/\/cultura.sma.gob.ar\/2021\/04\/01\/actividades-en-la-estacion-cultural-comedor-comunitario-chacra-4\/\" data-type=\"post\" data-id=\"1401\">Centro Comunitario de Chacra 4<\/a> &#8211; Promotora cultural: <strong>Valeria Oliva &#8211; Horario de atenci\u00f3n: <\/strong>Mi\u00e9rcoles y s\u00e1bados de 16 a 22hs.<\/li><li><a href=\"http:\/\/cultura.sma.gob.ar\/2021\/04\/01\/actividades-en-la-estacion-cultural-delegacion-arenal\/\" data-type=\"post\" data-id=\"1404\">Delegaci\u00f3n del Arenal<\/a> &#8211; Promotora cultural: <strong>Eluney Prieto<\/strong> &#8211; <strong>Horario de atenci\u00f3n: <\/strong>lunes y mi\u00e9rcoles, de 16 a 22hs.<\/li><li><a href=\"http:\/\/cultura.sma.gob.ar\/2021\/04\/01\/actividades-en-la-estacion-cultural-junta-vecinal-barrio-cantera\/\" data-type=\"post\" data-id=\"1409\">Junta vecinal Barrio Cantera<\/a> &#8211; Promotora cultural: <strong>Mariel Vitale<\/strong> &#8211; <strong>Horario de atenci\u00f3n:<\/strong> Martes, viernes y s\u00e1bado, de 16 a 22hs.<\/li><li><a href=\"http:\/\/cultura.sma.gob.ar\/2021\/04\/01\/actividades-en-la-estacion-cultural-sala-lidaura-chapitel\/\" data-type=\"post\" data-id=\"1412\">Sala Lidaura Chapitel<\/a> &#8211; Promotor cultural: <strong>Federico Peralta<\/strong> &#8211; <strong>Horario de atenci\u00f3n:<\/strong> Martes y s\u00e1bados de 16 a 22hs.<\/li><li><a href=\"http:\/\/cultura.sma.gob.ar\/2021\/05\/03\/actividades-en-la-estacion-cultural-nuestros-amigos\/\" data-type=\"post\" data-id=\"1642\">Asociaci\u00f3n Civil Nuestros Amigos &#8211; <\/a>Promotora cultural: <strong>Bel\u00e9n Godoy &#8211; Horario de atenci\u00f3n:<\/strong> Martes y s\u00e1bados de 16 a 22hs.<\/li><\/ul>\n\n\n\n<p>Para consultar por alguna actividad o inscribirte solo ten\u00e9s que ponerte en contacto con la promotora o promotor de la estaci\u00f3n correspondiente. Todas las propuestas cuentan con protocolos sanitarios y medidas de seguridad.<\/p>\n","protected":false},"excerpt":{"rendered":"<p>Direcciones y ofertas de actividades en los nuevos espacios culturales. <a href=\"https:\/\/cultura.sma.gob.ar\/?p=1418\" class=\"more-link\">Continue reading <span class=\"screen-reader-text\">Estaciones Culturales: barrio por barrio<\/span><\/a><\/p>\n","protected":false},"author":1,"featured_media":1432,"comment_status":"closed","ping_status":"","sticky":false,"template":"","format":"image","meta":{"footnotes":""},"categories":[7,9],"tags":[],"class_list":["post-1418","post","type-post","status-publish","format-image","has-post-thumbnail","hentry","category-talleres-cultura","category-ultimas-noticias","post_format-post-format-image"],"_links":{"self":[{"href":"https:\/\/cultura.sma.gob.ar\/index.php?rest_route=\/wp\/v2\/posts\/1418","targetHints":{"allow":["GET"]}}],"collection":[{"href":"https:\/\/cultura.sma.gob.ar\/index.php?rest_route=\/wp\/v2\/posts"}],"about":[{"href":"https:\/\/cultura.sma.gob.ar\/index.php?rest_route=\/wp\/v2\/types\/post"}],"author":[{"embeddable":true,"href":"https:\/\/cultura.sma.gob.ar\/index.php?rest_route=\/wp\/v2\/users\/1"}],"replies":[{"embeddable":true,"href":"https:\/\/cultura.sma.gob.ar\/index.php?rest_route=%2Fwp%2Fv2%2Fcomments&post=1418"}],"version-history":[{"count":6,"href":"https:\/\/cultura.sma.gob.ar\/index.php?rest_route=\/wp\/v2\/posts\/1418\/revisions"}],"predecessor-version":[{"id":1649,"href":"https:\/\/cultura.sma.gob.ar\/index.php?rest_route=\/wp\/v2\/posts\/1418\/revisions\/1649"}],"wp:featuredmedia":[{"embeddable":true,"href":"https:\/\/cultura.sma.gob.ar\/index.php?rest_route=\/wp\/v2\/media\/1432"}],"wp:attachment":[{"href":"https:\/\/cultura.sma.gob.ar\/index.php?rest_route=%2Fwp%2Fv2%2Fmedia&parent=1418"}],"wp:term":[{"taxonomy":"category","embeddable":true,"href":"https:\/\/cultura.sma.gob.ar\/index.php?rest_route=%2Fwp%2Fv2%2Fcategories&post=1418"},{"taxonomy":"post_tag","embeddable":true,"href":"https:\/\/cultura.sma.gob.ar\/index.php?rest_route=%2Fwp%2Fv2%2Ftags&post=1418"}],"curies":[{"name":"wp","href":"https:\/\/api.w.org\/{rel}","templated":true}]}}