{"id":1412,"date":"2021-04-01T12:08:11","date_gmt":"2021-04-01T15:08:11","guid":{"rendered":"http:\/\/cultura.sma.gob.ar\/?p=1412"},"modified":"2021-10-01T20:45:45","modified_gmt":"2021-10-01T23:45:45","slug":"actividades-en-la-estacion-cultural-sala-lidaura-chapitel","status":"publish","type":"post","link":"https:\/\/cultura.sma.gob.ar\/?p=1412","title":{"rendered":"Actividades en la Estaci\u00f3n Cultural Sala Lidaura Chapitel"},"content":{"rendered":"\n<figure class=\"wp-block-image size-large\"><img loading=\"lazy\" decoding=\"async\" width=\"724\" height=\"1024\" src=\"http:\/\/cultura.sma.gob.ar\/wp-content\/uploads\/2021\/04\/EC-SALA-CHAPITEL-1-724x1024.jpg\" alt=\"\" class=\"wp-image-2224\" srcset=\"https:\/\/cultura.sma.gob.ar\/wp-content\/uploads\/2021\/04\/EC-SALA-CHAPITEL-1-724x1024.jpg 724w, https:\/\/cultura.sma.gob.ar\/wp-content\/uploads\/2021\/04\/EC-SALA-CHAPITEL-1-212x300.jpg 212w, https:\/\/cultura.sma.gob.ar\/wp-content\/uploads\/2021\/04\/EC-SALA-CHAPITEL-1-768x1086.jpg 768w, https:\/\/cultura.sma.gob.ar\/wp-content\/uploads\/2021\/04\/EC-SALA-CHAPITEL-1-1086x1536.jpg 1086w, https:\/\/cultura.sma.gob.ar\/wp-content\/uploads\/2021\/04\/EC-SALA-CHAPITEL-1-64x90.jpg 64w, https:\/\/cultura.sma.gob.ar\/wp-content\/uploads\/2021\/04\/EC-SALA-CHAPITEL-1.jpg 1414w\" sizes=\"auto, (max-width: 724px) 100vw, 724px\" \/><\/figure>\n\n\n\n<p><strong>Promotor Cultural: Federico Peralta<\/strong><\/p>\n\n\n\n<p><strong>Croquiseros urbanos<\/strong>: Dictado por <strong>Federico Peralta<\/strong> &#8211; S\u00e1bados a las 16hs<br>El objetivo de cada encuentro es poder croquizar mediante las t\u00e9cnicas b\u00e1sicas distintos edificios hist\u00f3ricos de nuestra ciudad<\/p>\n\n\n\n<p><strong>Maquetas, arquitectura y ciudad:<\/strong> Dictado por <strong>Mar\u00eda Schinocca<\/strong> &#8211; S\u00e1bados a las 18hs<br>En est\u00e1 actividad los\/as participantes recorrer\u00e1n su barrio, dise\u00f1aran una ciudad en conjunto y crearan una maqueta de su ciudad ideal. Destinado a ni\u00f1os\/as.<\/p>\n\n\n\n<p><strong>Reciclado textil<\/strong>: s\u00e1bado a las 20 hs. Coordinado por la dise\u00f1adora en indumentaria <strong>Adriana Espinosa<\/strong>, el taller de reciclado textil propone desde una mirada art\u00edstica y pr\u00e1ctica darle nueva vida a prendas que ya no utilizamos. La actividad est\u00e1 destinada a j\u00f3venes y adultos.<\/p>\n\n\n\n<p><strong>T\u00e9cnicas de artes plasticas<\/strong>: Dictado por <strong>Juana de Nicolay<\/strong> &#8211; Martes 16hs<br>Destinado a ni\u00f1os y ni\u00f1as de entre 6 y 10 a\u00f1os, la actividad propone un espacio para desarrollar la creatividad y conocimiento sobre la infinita variedad de t\u00e9cnicas de artes pl\u00e1sticas, como el dibujo, la pintura, el collage, entre otras.<br>La idea es trabajar aprendiendo del color, de las formas, las texturas, bidimensionales y tridimensionales, y sobre todo, aprender de la experimentaci\u00f3n y las posibilidades que van surgiendo en el proceso creativo para llevar a cabo una propuesta.<\/p>\n\n\n\n<p><strong>Maquetas espaciales<\/strong> &#8211;  martes 18 hs. La actividad estar\u00e1 a cargo de la artista pl\u00e1stica Juana Denicolay y participar\u00e1n miembros del Grupo de aficionados a la astronom\u00eda &#8220;Cielos del Sur&#8221; de San Martin de los Andes, que nos contar\u00e1n las particularidades de cada nave y del espacio.&nbsp;<\/p>\n\n\n\n<p>Destinado a j\u00f3venes y adultos\/as amantes del espacio, la astronom\u00eda y las artes, el taller tiene como objetivo la creaci\u00f3n de distintas escenograf\u00edas a escala de los planetas y sus superficies, y la confecci\u00f3n y preparaci\u00f3n de maquetas de naves y otros elementos espaciales. Los trabajos producidos en este taller ser\u00e1n expuestos en la muestra de explicaci\u00f3n espacial a realizarse en la Sala Lidaura Chapitel en el mes de noviembre.<\/p>\n\n\n\n<p><br><\/p>\n","protected":false},"excerpt":{"rendered":"<p>Grilla de horarios y actividades <a href=\"https:\/\/cultura.sma.gob.ar\/?p=1412\" class=\"more-link\">Continue reading <span class=\"screen-reader-text\">Actividades en la Estaci\u00f3n Cultural Sala Lidaura Chapitel<\/span><\/a><\/p>\n","protected":false},"author":1,"featured_media":293,"comment_status":"closed","ping_status":"","sticky":false,"template":"","format":"image","meta":{"footnotes":""},"categories":[7,9],"tags":[],"class_list":["post-1412","post","type-post","status-publish","format-image","has-post-thumbnail","hentry","category-talleres-cultura","category-ultimas-noticias","post_format-post-format-image"],"_links":{"self":[{"href":"https:\/\/cultura.sma.gob.ar\/index.php?rest_route=\/wp\/v2\/posts\/1412","targetHints":{"allow":["GET"]}}],"collection":[{"href":"https:\/\/cultura.sma.gob.ar\/index.php?rest_route=\/wp\/v2\/posts"}],"about":[{"href":"https:\/\/cultura.sma.gob.ar\/index.php?rest_route=\/wp\/v2\/types\/post"}],"author":[{"embeddable":true,"href":"https:\/\/cultura.sma.gob.ar\/index.php?rest_route=\/wp\/v2\/users\/1"}],"replies":[{"embeddable":true,"href":"https:\/\/cultura.sma.gob.ar\/index.php?rest_route=%2Fwp%2Fv2%2Fcomments&post=1412"}],"version-history":[{"count":6,"href":"https:\/\/cultura.sma.gob.ar\/index.php?rest_route=\/wp\/v2\/posts\/1412\/revisions"}],"predecessor-version":[{"id":2225,"href":"https:\/\/cultura.sma.gob.ar\/index.php?rest_route=\/wp\/v2\/posts\/1412\/revisions\/2225"}],"wp:featuredmedia":[{"embeddable":true,"href":"https:\/\/cultura.sma.gob.ar\/index.php?rest_route=\/wp\/v2\/media\/293"}],"wp:attachment":[{"href":"https:\/\/cultura.sma.gob.ar\/index.php?rest_route=%2Fwp%2Fv2%2Fmedia&parent=1412"}],"wp:term":[{"taxonomy":"category","embeddable":true,"href":"https:\/\/cultura.sma.gob.ar\/index.php?rest_route=%2Fwp%2Fv2%2Fcategories&post=1412"},{"taxonomy":"post_tag","embeddable":true,"href":"https:\/\/cultura.sma.gob.ar\/index.php?rest_route=%2Fwp%2Fv2%2Ftags&post=1412"}],"curies":[{"name":"wp","href":"https:\/\/api.w.org\/{rel}","templated":true}]}}