{"id":1409,"date":"2021-04-01T11:21:51","date_gmt":"2021-04-01T14:21:51","guid":{"rendered":"http:\/\/cultura.sma.gob.ar\/?p=1409"},"modified":"2021-09-09T12:53:38","modified_gmt":"2021-09-09T15:53:38","slug":"actividades-en-la-estacion-cultural-junta-vecinal-barrio-cantera","status":"publish","type":"post","link":"https:\/\/cultura.sma.gob.ar\/?p=1409","title":{"rendered":"Actividades en la Estaci\u00f3n Cultural Junta Vecinal Barrio Cantera"},"content":{"rendered":"\n<figure class=\"wp-block-image size-large\"><img loading=\"lazy\" decoding=\"async\" width=\"724\" height=\"1024\" src=\"http:\/\/cultura.sma.gob.ar\/wp-content\/uploads\/2021\/04\/EC-CANTERA-2-724x1024.jpg\" alt=\"\" class=\"wp-image-2144\" srcset=\"https:\/\/cultura.sma.gob.ar\/wp-content\/uploads\/2021\/04\/EC-CANTERA-2-724x1024.jpg 724w, https:\/\/cultura.sma.gob.ar\/wp-content\/uploads\/2021\/04\/EC-CANTERA-2-212x300.jpg 212w, https:\/\/cultura.sma.gob.ar\/wp-content\/uploads\/2021\/04\/EC-CANTERA-2-768x1086.jpg 768w, https:\/\/cultura.sma.gob.ar\/wp-content\/uploads\/2021\/04\/EC-CANTERA-2-1086x1536.jpg 1086w, https:\/\/cultura.sma.gob.ar\/wp-content\/uploads\/2021\/04\/EC-CANTERA-2-64x90.jpg 64w, https:\/\/cultura.sma.gob.ar\/wp-content\/uploads\/2021\/04\/EC-CANTERA-2.jpg 1414w\" sizes=\"auto, (max-width: 724px) 100vw, 724px\" \/><\/figure>\n\n\n\n<p><strong>Promotora Cultural: Mariel Vitale<\/strong><\/p>\n\n\n\n<p><strong>Maquetas, arquitectura y ciudad:<\/strong> Dictado por<strong> Mar\u00eda Schinocca<\/strong> &#8211; Martes 16hs<br>En est\u00e1 actividad los\/as participantes recorrer\u00e1n su barrio, dise\u00f1aran una ciudad en conjunto y crearan una maqueta de su ciudad ideal. Destinado a ni\u00f1os\/as<\/p>\n\n\n\n<p><strong>T\u00edteres con materiales reciclados<\/strong>: Dictado por <strong>Miguel Moraga<\/strong> &#8211; Viernes 16hs<br>Con materiales reciclados y un poco de ingenio construiremos nuestros propios t\u00edteres. Luego, incorporando las t\u00e9cnicas b\u00e1sicas de la animaci\u00f3n, le daremos vida a un universo de fantas\u00eda: C\u00f3mo respiran, c\u00f3mo miran, c\u00f3mo se comunican, y c\u00f3mo se trasladan por el espacio nuestros nuevos amigos. Destinado a ni\u00f1os y ni\u00f1as.<\/p>\n\n\n\n<p><strong>Teatro para principiantes<\/strong>: Dictado por <strong>Julieta Lazos<\/strong> &#8211; S\u00e1bados 16hs<br>El taller de teatro para principiantes estar\u00e1 est\u00e1 a todos lxs ni\u00f1xs del barrio que<br>deseen experimentar este lenguaje art\u00edstico desde cero. Constar\u00e1 de diferentes juegos teatrales y actividades.<\/p>\n\n\n\n<p><strong>Encuadernaci\u00f3n:<\/strong> Dictado por <strong>Mariel Salva<\/strong> &#8211; Martes 18hs<br>Cursos intensivo de encuadernaci\u00f3n b\u00e1sica, que le permitir\u00e1 a las personas interesadas crear sus propios cuadernos; incentivando el armado artesanal y art\u00edstico de libros. Destinado a j\u00f3venes y adultos.<\/p>\n\n\n\n<p><strong>Reciclado textil<\/strong>: Dictado por <strong>Adriana Espinosa<\/strong> &#8211; Martes 20hshs<br>En este curso de reciclado textil aprenderemos con ingenio e imaginaci\u00f3n a transformar prendas en desuso en una nueva pieza. Destinado a j\u00f3venes y adultos\/as<\/p>\n\n\n\n<p><strong>Hip Hop<\/strong>: Dictado por<strong> Sandro Gomez<\/strong> &#8211; S\u00e1bados 18hs<br>Orientado a ni\u00f1os, ni\u00f1as y j\u00f3venes que quieran aprender a bailar Hip Hop en un espacio recreativo y l\u00fadico.<\/p>\n\n\n\n<p><strong>Escritura creativa<\/strong> &#8211; viernes a las 19 hs.  El curso de escritura creativa tiene como principales destinatarios a adolescentes y j\u00f3venes. Y tiene como objetivos fomentar la imaginaci\u00f3n, la creatividad y que los\/las participantes puedan adquirir herramientas para construir diversos textos narrativos.<\/p>\n","protected":false},"excerpt":{"rendered":"<p>Grilla de horarios y actividades. <a href=\"https:\/\/cultura.sma.gob.ar\/?p=1409\" class=\"more-link\">Continue reading <span class=\"screen-reader-text\">Actividades en la Estaci\u00f3n Cultural Junta Vecinal Barrio Cantera<\/span><\/a><\/p>\n","protected":false},"author":1,"featured_media":293,"comment_status":"closed","ping_status":"","sticky":false,"template":"","format":"image","meta":{"footnotes":""},"categories":[7],"tags":[],"class_list":["post-1409","post","type-post","status-publish","format-image","has-post-thumbnail","hentry","category-talleres-cultura","post_format-post-format-image"],"_links":{"self":[{"href":"https:\/\/cultura.sma.gob.ar\/index.php?rest_route=\/wp\/v2\/posts\/1409","targetHints":{"allow":["GET"]}}],"collection":[{"href":"https:\/\/cultura.sma.gob.ar\/index.php?rest_route=\/wp\/v2\/posts"}],"about":[{"href":"https:\/\/cultura.sma.gob.ar\/index.php?rest_route=\/wp\/v2\/types\/post"}],"author":[{"embeddable":true,"href":"https:\/\/cultura.sma.gob.ar\/index.php?rest_route=\/wp\/v2\/users\/1"}],"replies":[{"embeddable":true,"href":"https:\/\/cultura.sma.gob.ar\/index.php?rest_route=%2Fwp%2Fv2%2Fcomments&post=1409"}],"version-history":[{"count":8,"href":"https:\/\/cultura.sma.gob.ar\/index.php?rest_route=\/wp\/v2\/posts\/1409\/revisions"}],"predecessor-version":[{"id":2146,"href":"https:\/\/cultura.sma.gob.ar\/index.php?rest_route=\/wp\/v2\/posts\/1409\/revisions\/2146"}],"wp:featuredmedia":[{"embeddable":true,"href":"https:\/\/cultura.sma.gob.ar\/index.php?rest_route=\/wp\/v2\/media\/293"}],"wp:attachment":[{"href":"https:\/\/cultura.sma.gob.ar\/index.php?rest_route=%2Fwp%2Fv2%2Fmedia&parent=1409"}],"wp:term":[{"taxonomy":"category","embeddable":true,"href":"https:\/\/cultura.sma.gob.ar\/index.php?rest_route=%2Fwp%2Fv2%2Fcategories&post=1409"},{"taxonomy":"post_tag","embeddable":true,"href":"https:\/\/cultura.sma.gob.ar\/index.php?rest_route=%2Fwp%2Fv2%2Ftags&post=1409"}],"curies":[{"name":"wp","href":"https:\/\/api.w.org\/{rel}","templated":true}]}}