{"id":1404,"date":"2021-04-01T11:09:20","date_gmt":"2021-04-01T14:09:20","guid":{"rendered":"http:\/\/cultura.sma.gob.ar\/?p=1404"},"modified":"2021-09-09T12:58:47","modified_gmt":"2021-09-09T15:58:47","slug":"actividades-en-la-estacion-cultural-delegacion-arenal","status":"publish","type":"post","link":"https:\/\/cultura.sma.gob.ar\/?p=1404","title":{"rendered":"Actividades en la Estaci\u00f3n Cultural Delegaci\u00f3n Arenal"},"content":{"rendered":"\n<figure class=\"wp-block-image size-large\"><img loading=\"lazy\" decoding=\"async\" width=\"724\" height=\"1024\" src=\"http:\/\/cultura.sma.gob.ar\/wp-content\/uploads\/2021\/04\/EC-ARENAL-2-724x1024.jpg\" alt=\"\" class=\"wp-image-2147\" srcset=\"https:\/\/cultura.sma.gob.ar\/wp-content\/uploads\/2021\/04\/EC-ARENAL-2-724x1024.jpg 724w, https:\/\/cultura.sma.gob.ar\/wp-content\/uploads\/2021\/04\/EC-ARENAL-2-212x300.jpg 212w, https:\/\/cultura.sma.gob.ar\/wp-content\/uploads\/2021\/04\/EC-ARENAL-2-768x1086.jpg 768w, https:\/\/cultura.sma.gob.ar\/wp-content\/uploads\/2021\/04\/EC-ARENAL-2-1086x1536.jpg 1086w, https:\/\/cultura.sma.gob.ar\/wp-content\/uploads\/2021\/04\/EC-ARENAL-2-64x90.jpg 64w, https:\/\/cultura.sma.gob.ar\/wp-content\/uploads\/2021\/04\/EC-ARENAL-2.jpg 1414w\" sizes=\"auto, (max-width: 724px) 100vw, 724px\" \/><\/figure>\n\n\n\n<p><strong>Promotora cultural: Eluney Prieto<\/strong><\/p>\n\n\n\n<p><strong>Experimentaci\u00f3n musical<\/strong>: Dictado por Mar\u00eda <strong>Laura Ollesch<\/strong> &#8211; Lunes a las 16hs<br>El taller de Experimentaci\u00f3n musical es un espacio l\u00fadico de aprendizaje y est\u00e1 dirigido a ni\u00f1os de ni\u00f1as de 8 a 12 a\u00f1os y coordinado por la m\u00fasica y profesora de canto Mar\u00eda Laura Ollesch. En esta actividad los ni\u00f1os\/as aprender\u00e1n a tocar instrumentos conocidos y otros menos convencionales.<\/p>\n\n\n\n<p><strong>Ajedrez<\/strong>: Dictado por <strong>Marco Montenegro<\/strong> &#8211; Mi\u00e9rcoles a las 16hs<br>Abierto a p\u00fablico de todas las edades, para aprender, practicar y mejorar las t\u00e9cnicas de juego.<\/p>\n\n\n\n<p><strong>Danzas urbanas<\/strong>: Dictado por <strong>Stefania Mateu<\/strong> &#8211; Lunes y mi\u00e9rcoles a las 18hs<br>A partir de la danza contempor\u00e1nea y las danzas urbanas, el curso propone un espacio de exploraci\u00f3n f\u00edsica, emocional y creativa basada en la m\u00fasica, el baile y lo l\u00fadico.<\/p>\n","protected":false},"excerpt":{"rendered":"<p>Grilla de actividades y horarios. <a href=\"https:\/\/cultura.sma.gob.ar\/?p=1404\" class=\"more-link\">Continue reading <span class=\"screen-reader-text\">Actividades en la Estaci\u00f3n Cultural Delegaci\u00f3n Arenal<\/span><\/a><\/p>\n","protected":false},"author":1,"featured_media":293,"comment_status":"closed","ping_status":"","sticky":false,"template":"","format":"image","meta":{"footnotes":""},"categories":[7,9],"tags":[],"class_list":["post-1404","post","type-post","status-publish","format-image","has-post-thumbnail","hentry","category-talleres-cultura","category-ultimas-noticias","post_format-post-format-image"],"_links":{"self":[{"href":"https:\/\/cultura.sma.gob.ar\/index.php?rest_route=\/wp\/v2\/posts\/1404","targetHints":{"allow":["GET"]}}],"collection":[{"href":"https:\/\/cultura.sma.gob.ar\/index.php?rest_route=\/wp\/v2\/posts"}],"about":[{"href":"https:\/\/cultura.sma.gob.ar\/index.php?rest_route=\/wp\/v2\/types\/post"}],"author":[{"embeddable":true,"href":"https:\/\/cultura.sma.gob.ar\/index.php?rest_route=\/wp\/v2\/users\/1"}],"replies":[{"embeddable":true,"href":"https:\/\/cultura.sma.gob.ar\/index.php?rest_route=%2Fwp%2Fv2%2Fcomments&post=1404"}],"version-history":[{"count":6,"href":"https:\/\/cultura.sma.gob.ar\/index.php?rest_route=\/wp\/v2\/posts\/1404\/revisions"}],"predecessor-version":[{"id":2148,"href":"https:\/\/cultura.sma.gob.ar\/index.php?rest_route=\/wp\/v2\/posts\/1404\/revisions\/2148"}],"wp:featuredmedia":[{"embeddable":true,"href":"https:\/\/cultura.sma.gob.ar\/index.php?rest_route=\/wp\/v2\/media\/293"}],"wp:attachment":[{"href":"https:\/\/cultura.sma.gob.ar\/index.php?rest_route=%2Fwp%2Fv2%2Fmedia&parent=1404"}],"wp:term":[{"taxonomy":"category","embeddable":true,"href":"https:\/\/cultura.sma.gob.ar\/index.php?rest_route=%2Fwp%2Fv2%2Fcategories&post=1404"},{"taxonomy":"post_tag","embeddable":true,"href":"https:\/\/cultura.sma.gob.ar\/index.php?rest_route=%2Fwp%2Fv2%2Ftags&post=1404"}],"curies":[{"name":"wp","href":"https:\/\/api.w.org\/{rel}","templated":true}]}}