{"id":1401,"date":"2021-04-01T10:55:31","date_gmt":"2021-04-01T13:55:31","guid":{"rendered":"http:\/\/cultura.sma.gob.ar\/?p=1401"},"modified":"2021-09-09T13:05:34","modified_gmt":"2021-09-09T16:05:34","slug":"actividades-en-la-estacion-cultural-comedor-comunitario-chacra-4","status":"publish","type":"post","link":"https:\/\/cultura.sma.gob.ar\/?p=1401","title":{"rendered":"Actividades en la Estaci\u00f3n Cultural Comedor comunitario Chacra 4"},"content":{"rendered":"\n<figure class=\"wp-block-image size-large\"><img loading=\"lazy\" decoding=\"async\" width=\"724\" height=\"1024\" src=\"http:\/\/cultura.sma.gob.ar\/wp-content\/uploads\/2021\/04\/EC-CHACRA-4-724x1024.jpg\" alt=\"\" class=\"wp-image-2149\" srcset=\"https:\/\/cultura.sma.gob.ar\/wp-content\/uploads\/2021\/04\/EC-CHACRA-4-724x1024.jpg 724w, https:\/\/cultura.sma.gob.ar\/wp-content\/uploads\/2021\/04\/EC-CHACRA-4-212x300.jpg 212w, https:\/\/cultura.sma.gob.ar\/wp-content\/uploads\/2021\/04\/EC-CHACRA-4-768x1086.jpg 768w, https:\/\/cultura.sma.gob.ar\/wp-content\/uploads\/2021\/04\/EC-CHACRA-4-1086x1536.jpg 1086w, https:\/\/cultura.sma.gob.ar\/wp-content\/uploads\/2021\/04\/EC-CHACRA-4-64x90.jpg 64w, https:\/\/cultura.sma.gob.ar\/wp-content\/uploads\/2021\/04\/EC-CHACRA-4.jpg 1414w\" sizes=\"auto, (max-width: 724px) 100vw, 724px\" \/><\/figure>\n\n\n\n<p><strong>Promotora cultural: Valeria Oliva<\/strong><\/p>\n\n\n\n<p><strong>Dibujo y escultura:<\/strong> Dictado por <strong>Pedro Fiori<\/strong> &#8211; Mi\u00e9rcoles a las 16hs<br>Curso de dibujo y escultura para ni\u00f1os y ni\u00f1as, se aprender\u00e1n t\u00e9cnicas b\u00e1sicas de pintura y el uso correcto de herramientas para la realizaci\u00f3n de distintas esculturas.<\/p>\n\n\n\n<p><strong>Telar Mapuche:<\/strong> Dictado por <strong>Georgina y Beatriz Tripailaf <\/strong>&#8211; Mi\u00e9rcoles  a las 18hs<br>Curso para la realizaci\u00f3n de distintas prendas utilizando el arte del telar mapuche.<\/p>\n\n\n\n<p><strong>Canto de murga estilo uruguayo:<\/strong> Dictado por <strong>Mar\u00eda Laura Ollesch<\/strong> &#8211; Mi\u00e9rcoles a las 20hs.<br>Un espacio de taller orientado a la expresi\u00f3n musical y el canto colectivo, a trav\u00e9s del cancionero de murga uruguaya.<\/p>\n\n\n\n<p><strong>Manualidades y reciclado:<\/strong> Dictado por <strong>Marcela Ybarra <\/strong>&#8211; S\u00e1bados a las 18hs<br>Taller para aprender a trabajar con materiales reciclados, mediante t\u00e9cnicas diversas, para crear nuevos objetos.<\/p>\n\n\n\n<p><strong>Folklore<\/strong>: Dictado por <strong>Yamila Oronah<\/strong>&#8211; S\u00e1bados a las 20hs<br>El curso de folclore es un espacio para aquellas personas que quieran aprender a bailar las danzas folcl\u00f3ricas argentinas.<\/p>\n\n\n\n<p><strong>Cine infantil<\/strong>:  s\u00e1bado a las 16 hs. Destinado a ni\u00f1os\/as de 6 a 10 a\u00f1os y coordinado por la fot\u00f3grafa Anal\u00eda Alvarez, la actividad tiene como objetivos acercar a los participantes al cine y a la construcci\u00f3n de narrativas desde el juego y la imaginaci\u00f3n de forma grupal.<\/p>\n","protected":false},"excerpt":{"rendered":"<p>Grilla de horarios y actividades. <a href=\"https:\/\/cultura.sma.gob.ar\/?p=1401\" class=\"more-link\">Continue reading <span class=\"screen-reader-text\">Actividades en la Estaci\u00f3n Cultural Comedor comunitario Chacra 4<\/span><\/a><\/p>\n","protected":false},"author":1,"featured_media":293,"comment_status":"closed","ping_status":"","sticky":false,"template":"","format":"image","meta":{"footnotes":""},"categories":[7,9],"tags":[],"class_list":["post-1401","post","type-post","status-publish","format-image","has-post-thumbnail","hentry","category-talleres-cultura","category-ultimas-noticias","post_format-post-format-image"],"_links":{"self":[{"href":"https:\/\/cultura.sma.gob.ar\/index.php?rest_route=\/wp\/v2\/posts\/1401","targetHints":{"allow":["GET"]}}],"collection":[{"href":"https:\/\/cultura.sma.gob.ar\/index.php?rest_route=\/wp\/v2\/posts"}],"about":[{"href":"https:\/\/cultura.sma.gob.ar\/index.php?rest_route=\/wp\/v2\/types\/post"}],"author":[{"embeddable":true,"href":"https:\/\/cultura.sma.gob.ar\/index.php?rest_route=\/wp\/v2\/users\/1"}],"replies":[{"embeddable":true,"href":"https:\/\/cultura.sma.gob.ar\/index.php?rest_route=%2Fwp%2Fv2%2Fcomments&post=1401"}],"version-history":[{"count":3,"href":"https:\/\/cultura.sma.gob.ar\/index.php?rest_route=\/wp\/v2\/posts\/1401\/revisions"}],"predecessor-version":[{"id":2151,"href":"https:\/\/cultura.sma.gob.ar\/index.php?rest_route=\/wp\/v2\/posts\/1401\/revisions\/2151"}],"wp:featuredmedia":[{"embeddable":true,"href":"https:\/\/cultura.sma.gob.ar\/index.php?rest_route=\/wp\/v2\/media\/293"}],"wp:attachment":[{"href":"https:\/\/cultura.sma.gob.ar\/index.php?rest_route=%2Fwp%2Fv2%2Fmedia&parent=1401"}],"wp:term":[{"taxonomy":"category","embeddable":true,"href":"https:\/\/cultura.sma.gob.ar\/index.php?rest_route=%2Fwp%2Fv2%2Fcategories&post=1401"},{"taxonomy":"post_tag","embeddable":true,"href":"https:\/\/cultura.sma.gob.ar\/index.php?rest_route=%2Fwp%2Fv2%2Ftags&post=1401"}],"curies":[{"name":"wp","href":"https:\/\/api.w.org\/{rel}","templated":true}]}}