{"id":1398,"date":"2021-04-01T10:41:14","date_gmt":"2021-04-01T13:41:14","guid":{"rendered":"http:\/\/cultura.sma.gob.ar\/?p=1398"},"modified":"2021-09-09T13:17:45","modified_gmt":"2021-09-09T16:17:45","slug":"actividades-de-la-estacion-cultural-delegacion-vega-centro","status":"publish","type":"post","link":"https:\/\/cultura.sma.gob.ar\/?p=1398","title":{"rendered":"Actividades de la Estaci\u00f3n Cultural Delegaci\u00f3n Vega Centro"},"content":{"rendered":"\n<figure class=\"wp-block-image size-large\"><img loading=\"lazy\" decoding=\"async\" width=\"724\" height=\"1024\" src=\"http:\/\/cultura.sma.gob.ar\/wp-content\/uploads\/2021\/04\/EC-VEGA-CENTRO-1-724x1024.jpg\" alt=\"\" class=\"wp-image-2152\" srcset=\"https:\/\/cultura.sma.gob.ar\/wp-content\/uploads\/2021\/04\/EC-VEGA-CENTRO-1-724x1024.jpg 724w, https:\/\/cultura.sma.gob.ar\/wp-content\/uploads\/2021\/04\/EC-VEGA-CENTRO-1-212x300.jpg 212w, https:\/\/cultura.sma.gob.ar\/wp-content\/uploads\/2021\/04\/EC-VEGA-CENTRO-1-768x1086.jpg 768w, https:\/\/cultura.sma.gob.ar\/wp-content\/uploads\/2021\/04\/EC-VEGA-CENTRO-1-1086x1536.jpg 1086w, https:\/\/cultura.sma.gob.ar\/wp-content\/uploads\/2021\/04\/EC-VEGA-CENTRO-1-64x90.jpg 64w, https:\/\/cultura.sma.gob.ar\/wp-content\/uploads\/2021\/04\/EC-VEGA-CENTRO-1.jpg 1414w\" sizes=\"auto, (max-width: 724px) 100vw, 724px\" \/><\/figure>\n\n\n\n<p><strong>Promotora cultural: Patricia Mesa<\/strong><\/p>\n\n\n\n<p><strong>Ajedrez<\/strong>: Dictado por <strong>Marco Montenegro<\/strong> &#8211; Lunes a las 16hs<br>Abierto a p\u00fablico de todas las edades, para aprender, practicar y mejorar las t\u00e9cnicas de juego.<\/p>\n\n\n\n<p><strong>T\u00edteres con materiales reciclados:<\/strong>Dictado por <strong>Miguel Moraga<\/strong> &#8211; Mi\u00e9rcoles 16hs<br>Con materiales reciclados y un poco de ingenio construir\u00e1n  sus propios t\u00edteres. Luego, incorporando las t\u00e9cnicas b\u00e1sicas de la animaci\u00f3n, le dar\u00e1n vida a un universo de fantas\u00eda: c\u00f3mo respiran, c\u00f3mo miran, c\u00f3mo se comunican, y c\u00f3mo se trasladan por el espacio nuestros nuevos amigos. Destinado a ni\u00f1os y ni\u00f1as<\/p>\n\n\n\n<p><strong>Cine infant\u00edl:<\/strong> Dictado por <strong>Anal\u00eda \u00c1lvarez<\/strong> &#8211; S\u00e1bado a las 16hs<br>La idea es poder acercar a los ni\u00f1os y ni\u00f1as diferentes recursos digitales mediante los cuales puedan desarrollar formas narrativas diferentes y con distintas t\u00e9cnicas. Brindar mediante la imagen digital y el cine un recurso mediante el cual  puedan trabajar en forma grupal por proyecto y el desarrollo colectivo de ideas.<\/p>\n\n\n\n<p><strong>Encuadernaci\u00f3n:<\/strong> Dictado por Mariel Salva &#8211; Lunes a las 18hs<br>Curso intensivo de encuadernaci\u00f3n b\u00e1sica, que le permitir\u00e1 a las personas interesadas crear sus propios cuadernos, incentivando el armado artesanal y art\u00edstico de libros. Destinado a j\u00f3venes y adultos<\/p>\n\n\n\n<p><strong>Juegos de mesa no convencionales:<\/strong> Dictado por Juan Pablo Villagra &#8211; Mi\u00e9rcoles a las 18hs y 20hs.<br>El cl\u00e1sico taller de juegos de mesa no convecionales propone el acercamiento a diferentes juegos con recursos diversos. Orientado a todas las edades.<\/p>\n\n\n\n<p><strong>T\u00e9cnicas de artes plasticas<\/strong>: Dictado por <strong>Juana de Nicolay<\/strong>&#8211; Viernes a las 18hs<br>Destinado a ni\u00f1os y ni\u00f1as de entre 6 y 10 a\u00f1os, la actividad propone un espacio para desarrollar la creatividad y conocimiento sobre la infinita variedad de t\u00e9cnicas de artes pl\u00e1sticas, como el dibujo, la pintura, el collage, entre otras.<br>La idea es trabajar aprendiendo del color, de las formas, las texturas, bidimensionales y tridimensionales, y sobre todo, aprender de la experimentaci\u00f3n y las posibilidades que van surgiendo en el proceso creativo para llevar a cabo una propuesta.<\/p>\n\n\n\n<p><strong>Teatro para principiantes<\/strong>: lunes a las 18 hs. Destinado a ni\u00f1os\/as de 4 a 7 a\u00f1os, en el taller de teatro se podr\u00e1 aprender y experimentar este lenguaje art\u00edstica desde cero, a trav\u00e9s de juegos teatrales y actividades<\/p>\n","protected":false},"excerpt":{"rendered":"<p>Grilla de horarios y actividades. <a href=\"https:\/\/cultura.sma.gob.ar\/?p=1398\" class=\"more-link\">Continue reading <span class=\"screen-reader-text\">Actividades de la Estaci\u00f3n Cultural Delegaci\u00f3n Vega Centro<\/span><\/a><\/p>\n","protected":false},"author":1,"featured_media":293,"comment_status":"closed","ping_status":"","sticky":false,"template":"","format":"image","meta":{"footnotes":""},"categories":[7,9],"tags":[],"class_list":["post-1398","post","type-post","status-publish","format-image","has-post-thumbnail","hentry","category-talleres-cultura","category-ultimas-noticias","post_format-post-format-image"],"_links":{"self":[{"href":"https:\/\/cultura.sma.gob.ar\/index.php?rest_route=\/wp\/v2\/posts\/1398","targetHints":{"allow":["GET"]}}],"collection":[{"href":"https:\/\/cultura.sma.gob.ar\/index.php?rest_route=\/wp\/v2\/posts"}],"about":[{"href":"https:\/\/cultura.sma.gob.ar\/index.php?rest_route=\/wp\/v2\/types\/post"}],"author":[{"embeddable":true,"href":"https:\/\/cultura.sma.gob.ar\/index.php?rest_route=\/wp\/v2\/users\/1"}],"replies":[{"embeddable":true,"href":"https:\/\/cultura.sma.gob.ar\/index.php?rest_route=%2Fwp%2Fv2%2Fcomments&post=1398"}],"version-history":[{"count":6,"href":"https:\/\/cultura.sma.gob.ar\/index.php?rest_route=\/wp\/v2\/posts\/1398\/revisions"}],"predecessor-version":[{"id":2154,"href":"https:\/\/cultura.sma.gob.ar\/index.php?rest_route=\/wp\/v2\/posts\/1398\/revisions\/2154"}],"wp:featuredmedia":[{"embeddable":true,"href":"https:\/\/cultura.sma.gob.ar\/index.php?rest_route=\/wp\/v2\/media\/293"}],"wp:attachment":[{"href":"https:\/\/cultura.sma.gob.ar\/index.php?rest_route=%2Fwp%2Fv2%2Fmedia&parent=1398"}],"wp:term":[{"taxonomy":"category","embeddable":true,"href":"https:\/\/cultura.sma.gob.ar\/index.php?rest_route=%2Fwp%2Fv2%2Fcategories&post=1398"},{"taxonomy":"post_tag","embeddable":true,"href":"https:\/\/cultura.sma.gob.ar\/index.php?rest_route=%2Fwp%2Fv2%2Ftags&post=1398"}],"curies":[{"name":"wp","href":"https:\/\/api.w.org\/{rel}","templated":true}]}}