{"id":1395,"date":"2021-04-01T10:26:16","date_gmt":"2021-04-01T13:26:16","guid":{"rendered":"http:\/\/cultura.sma.gob.ar\/?p=1395"},"modified":"2021-04-01T14:48:30","modified_gmt":"2021-04-01T17:48:30","slug":"actividades-en-la-estacion-cultural-consejo-de-adultos-mayores","status":"publish","type":"post","link":"https:\/\/cultura.sma.gob.ar\/?p=1395","title":{"rendered":"Actividades en la Estaci\u00f3n Cultural Consejo de adultos mayores"},"content":{"rendered":"\n<figure class=\"wp-block-image size-large\"><img loading=\"lazy\" decoding=\"async\" width=\"576\" height=\"1024\" src=\"http:\/\/cultura.sma.gob.ar\/wp-content\/uploads\/2021\/04\/IMG_20210401_142440_526-576x1024.jpg\" alt=\"\" class=\"wp-image-1416\" srcset=\"https:\/\/cultura.sma.gob.ar\/wp-content\/uploads\/2021\/04\/IMG_20210401_142440_526-576x1024.jpg 576w, https:\/\/cultura.sma.gob.ar\/wp-content\/uploads\/2021\/04\/IMG_20210401_142440_526-169x300.jpg 169w, https:\/\/cultura.sma.gob.ar\/wp-content\/uploads\/2021\/04\/IMG_20210401_142440_526-768x1365.jpg 768w, https:\/\/cultura.sma.gob.ar\/wp-content\/uploads\/2021\/04\/IMG_20210401_142440_526-864x1536.jpg 864w, https:\/\/cultura.sma.gob.ar\/wp-content\/uploads\/2021\/04\/IMG_20210401_142440_526-51x90.jpg 51w, https:\/\/cultura.sma.gob.ar\/wp-content\/uploads\/2021\/04\/IMG_20210401_142440_526.jpg 1080w\" sizes=\"auto, (max-width: 576px) 100vw, 576px\" \/><\/figure>\n\n\n\n<p><strong>Promotora Cultural: Bel\u00e9n Godoy<\/strong><\/p>\n\n\n\n<p><strong>Dibujo y escultura:<\/strong>  Dictado por <strong>Pedro Fiori<\/strong> &#8211; Martes a las 16hs<br>Curso de dibujo y escultura para ni\u00f1os y ni\u00f1as. Se aprender\u00e1n t\u00e9cnicas b\u00e1sicas de pintura y el uso correcto de herramientas para la realizaci\u00f3n de distintas esculturas.<\/p>\n\n\n\n<p><strong>Ajedrez:<\/strong> Dictado por <strong>Marco Montenegro <\/strong>&#8211; Martes a las 18hs.<br>Orientado a p\u00fablico de todas las edades, para aprender, practicar y mejorar las t\u00e9cnicas de juego.<\/p>\n\n\n\n<p><strong>Teatro para principiantes<\/strong>: Dictado por <strong>Julieta Lazos<\/strong> &#8211; Jueves a las 18hs<br>El taller de teatro para principiantes est\u00e1 orientado a todas las personas del barrio que deseen experimentar este lenguaje art\u00edstico desde cero. Constar\u00e1 de diferentes juegos teatrales y actividades.<\/p>\n\n\n\n<p><strong>Manualidades y reciclado<\/strong>: Dictado por <strong>Marcela Ybarra<\/strong> &#8211; Jueves a las 16hs<br>Pensado para aprender a trabajar con diferentes materiales y crear cosas nuevas a partir de t\u00e9cnicas de reciclado. <\/p>\n\n\n\n<p><strong>Reciclado textil<\/strong>: Dictado por <strong>Adriana Espinosa<\/strong> &#8211; S\u00e1bados a las 18hs<br>En este curso de reciclado textil se aprender\u00e1 con ingenio e imaginaci\u00f3n a transformar prendas en desuso en una nueva pieza. Destinado a j\u00f3venes y adultos\/as<\/p>\n\n\n\n<p><strong>Danza urbana<\/strong>: Dictado por <strong>Stefania Mateu<\/strong> &#8211; S\u00e1bado a las 20hs<br>A partir de la danza contempor\u00e1nea y las danzas urbanas, el curso propone un espacio de exploraci\u00f3n f\u00edsica, emocional y creativa basada en la m\u00fasica, el baile y lo l\u00fadico.<\/p>\n","protected":false},"excerpt":{"rendered":"<p>Grilla de horarios y actividades. <a href=\"https:\/\/cultura.sma.gob.ar\/?p=1395\" class=\"more-link\">Continue reading <span class=\"screen-reader-text\">Actividades en la Estaci\u00f3n Cultural Consejo de adultos mayores<\/span><\/a><\/p>\n","protected":false},"author":1,"featured_media":293,"comment_status":"closed","ping_status":"","sticky":false,"template":"","format":"image","meta":{"footnotes":""},"categories":[7,9],"tags":[],"class_list":["post-1395","post","type-post","status-publish","format-image","has-post-thumbnail","hentry","category-talleres-cultura","category-ultimas-noticias","post_format-post-format-image"],"_links":{"self":[{"href":"https:\/\/cultura.sma.gob.ar\/index.php?rest_route=\/wp\/v2\/posts\/1395","targetHints":{"allow":["GET"]}}],"collection":[{"href":"https:\/\/cultura.sma.gob.ar\/index.php?rest_route=\/wp\/v2\/posts"}],"about":[{"href":"https:\/\/cultura.sma.gob.ar\/index.php?rest_route=\/wp\/v2\/types\/post"}],"author":[{"embeddable":true,"href":"https:\/\/cultura.sma.gob.ar\/index.php?rest_route=\/wp\/v2\/users\/1"}],"replies":[{"embeddable":true,"href":"https:\/\/cultura.sma.gob.ar\/index.php?rest_route=%2Fwp%2Fv2%2Fcomments&post=1395"}],"version-history":[{"count":3,"href":"https:\/\/cultura.sma.gob.ar\/index.php?rest_route=\/wp\/v2\/posts\/1395\/revisions"}],"predecessor-version":[{"id":1417,"href":"https:\/\/cultura.sma.gob.ar\/index.php?rest_route=\/wp\/v2\/posts\/1395\/revisions\/1417"}],"wp:featuredmedia":[{"embeddable":true,"href":"https:\/\/cultura.sma.gob.ar\/index.php?rest_route=\/wp\/v2\/media\/293"}],"wp:attachment":[{"href":"https:\/\/cultura.sma.gob.ar\/index.php?rest_route=%2Fwp%2Fv2%2Fmedia&parent=1395"}],"wp:term":[{"taxonomy":"category","embeddable":true,"href":"https:\/\/cultura.sma.gob.ar\/index.php?rest_route=%2Fwp%2Fv2%2Fcategories&post=1395"},{"taxonomy":"post_tag","embeddable":true,"href":"https:\/\/cultura.sma.gob.ar\/index.php?rest_route=%2Fwp%2Fv2%2Ftags&post=1395"}],"curies":[{"name":"wp","href":"https:\/\/api.w.org\/{rel}","templated":true}]}}