{"id":1386,"date":"2021-03-31T11:01:32","date_gmt":"2021-03-31T14:01:32","guid":{"rendered":"http:\/\/cultura.sma.gob.ar\/?p=1386"},"modified":"2021-03-31T11:01:32","modified_gmt":"2021-03-31T14:01:32","slug":"inicia-la-5-temporada-de-proyecciones-de-la-asociacion-amigos-del-museo-primeros-pobladores","status":"publish","type":"post","link":"https:\/\/cultura.sma.gob.ar\/?p=1386","title":{"rendered":"Inicia la 5\u00b0 temporada de proyecciones de la Asociaci\u00f3n Amigos del Museo Primeros Pobladores"},"content":{"rendered":"\n<figure class=\"wp-block-image size-large\"><img loading=\"lazy\" decoding=\"async\" width=\"724\" height=\"1024\" src=\"http:\/\/cultura.sma.gob.ar\/wp-content\/uploads\/2021\/03\/CICLO-DE-CINE-30-AFICHE-Risas-y-Sonrisas--724x1024.jpg\" alt=\"\" class=\"wp-image-1388\" srcset=\"https:\/\/cultura.sma.gob.ar\/wp-content\/uploads\/2021\/03\/CICLO-DE-CINE-30-AFICHE-Risas-y-Sonrisas--724x1024.jpg 724w, https:\/\/cultura.sma.gob.ar\/wp-content\/uploads\/2021\/03\/CICLO-DE-CINE-30-AFICHE-Risas-y-Sonrisas--212x300.jpg 212w, https:\/\/cultura.sma.gob.ar\/wp-content\/uploads\/2021\/03\/CICLO-DE-CINE-30-AFICHE-Risas-y-Sonrisas--768x1086.jpg 768w, https:\/\/cultura.sma.gob.ar\/wp-content\/uploads\/2021\/03\/CICLO-DE-CINE-30-AFICHE-Risas-y-Sonrisas--1086x1536.jpg 1086w, https:\/\/cultura.sma.gob.ar\/wp-content\/uploads\/2021\/03\/CICLO-DE-CINE-30-AFICHE-Risas-y-Sonrisas--64x90.jpg 64w, https:\/\/cultura.sma.gob.ar\/wp-content\/uploads\/2021\/03\/CICLO-DE-CINE-30-AFICHE-Risas-y-Sonrisas-.jpg 1241w\" sizes=\"auto, (max-width: 724px) 100vw, 724px\" \/><\/figure>\n\n\n\n<p>El jueves, 8 de Abril a las 20:30hs en la Sala G\u00fcnther Blaas del Centro Cultural Cotesma, la Asociaci\u00f3n Amigos del Museo Primeros Pobladores dar\u00e1 inicio a la 5ta. Temporada de Proyecciones. Como los a\u00f1os anteriores, la programaci\u00f3n y la presentaci\u00f3n estar\u00e1 a cargo de Guillermo Ianniello.<br>El 2021 comenzar\u00e1 con un Ciclo titulado \u201cRISAS Y SONRISAS\u201d con la proyecci\u00f3n de la pel\u00edcula \u201cMejor Imposible\u201d (U.S.A. 1997), dirigida por&nbsp;<strong>James Brooks<\/strong>&nbsp;y protagonizada por Jack Nicholson, Helen Hunt y Greg Kinnear.<\/p>\n\n\n\n<p><strong><u>\u201cMejor Imposible\u201d<\/u><\/strong>.<br>El guion est\u00e1 magn\u00edficamente dise\u00f1ado y nos devuelve a los mejores tiempos de la comedia glamorosa e inteligente que abund\u00f3 durante la edad de oro hollywoodense.<\/p>\n\n\n\n<p>Pero no se le pueden negar los m\u00e9ritos propios a esta pel\u00edcula que logr\u00f3 lo que en a\u00f1os y a\u00f1os los suced\u00e1neos no hab\u00edan logrado: devolver la dignidad a la comedia rom\u00e1ntica.<\/p>\n\n\n\n<p>El film desarrolla una historia que suma drama y comedia en una amalgama perfecta.<\/p>\n\n\n\n<p>Jack Nicholson hace de esta obra f\u00edlmica una brillante creaci\u00f3n y logra que te den ganas de ver el lado bueno de la vida y siempre con sentido del humor.<br>El tr\u00edo protagonista est\u00e1 impecable, pero sin lugar a duda lo que hace grande a la pel\u00edcula es este actor, que consigue que simpaticemos con un tipo malhumorado y c\u00ednico.<br>Como dice el t\u00edtulo original &#8220;mejor imposible&#8221;, ser\u00eda un s\u00edmil perfecto para nuestro int\u00e9rprete: es tan bueno que es el mejor.<\/p>\n\n\n\n<p>No es de extra\u00f1ar que le dieran el Oscar a Mejor Actor Principal. Adem\u00e1s, est\u00e1 excelentemente acompa\u00f1ado por Helen Hunt y Greg Kinnear, quienes tambi\u00e9n realizan unas interpretaciones magistrales (Oscar a la Mejor Actriz Principal y Nominaci\u00f3n al Mejor Actor Secundario).<\/p>\n\n\n\n<p>Una gran obra maestra, una joya que trata con gran sinceridad y acierto el dif\u00edcil tema de las relaciones humanas entre personas que aparentemente no tienen casi nada en com\u00fan.<\/p>\n\n\n\n<p>En resumen, una comedia inolvidable, una de esas ocasiones en que el cine nos regala lo mejor de una historia sencilla que consigue divertir y emocionar a la vez.<\/p>\n\n\n\n<p><em>\u201cSi desea disfrutar dos horas y salir contento y feliz de la sala, no deje pasar la oportunidad de ver este film. Y si ya lo ha visto, \u00a1\u00a1vuelva a gozarlo!!<br>No se arrepentir\u00e1\u2026\u201d<\/em><\/p>\n\n\n\n<p>Duraci\u00f3n: 2 h.18\u2019.-<\/p>\n\n\n\n<p>Este Ciclo&nbsp;<strong>(N\u00b0 30)<\/strong>&nbsp;incluye tambi\u00e9n las siguientes pel\u00edculas:<br>*Jueves 15 de Abril: \u201cAtrapado en el Tiempo\u201d (EE.UU)<br>*Jueves 22 de Abril: \u201cTodo o Nada\u201d (Inglaterra)<br>*Jueves 29 de Abril: \u201cAdi\u00f3s Lenin\u201d (Alemania)<\/p>\n","protected":false},"excerpt":{"rendered":"<p>Primera proyecci\u00f3n jueves 8 de abril a las 20:30 hs. <a href=\"https:\/\/cultura.sma.gob.ar\/?p=1386\" class=\"more-link\">Continue reading <span class=\"screen-reader-text\">Inicia la 5\u00b0 temporada de proyecciones de la Asociaci\u00f3n Amigos del Museo Primeros Pobladores<\/span><\/a><\/p>\n","protected":false},"author":1,"featured_media":1387,"comment_status":"closed","ping_status":"","sticky":false,"template":"","format":"image","meta":{"footnotes":""},"categories":[2],"tags":[],"class_list":["post-1386","post","type-post","status-publish","format-image","has-post-thumbnail","hentry","category-ciudad-cultural","post_format-post-format-image"],"_links":{"self":[{"href":"https:\/\/cultura.sma.gob.ar\/index.php?rest_route=\/wp\/v2\/posts\/1386","targetHints":{"allow":["GET"]}}],"collection":[{"href":"https:\/\/cultura.sma.gob.ar\/index.php?rest_route=\/wp\/v2\/posts"}],"about":[{"href":"https:\/\/cultura.sma.gob.ar\/index.php?rest_route=\/wp\/v2\/types\/post"}],"author":[{"embeddable":true,"href":"https:\/\/cultura.sma.gob.ar\/index.php?rest_route=\/wp\/v2\/users\/1"}],"replies":[{"embeddable":true,"href":"https:\/\/cultura.sma.gob.ar\/index.php?rest_route=%2Fwp%2Fv2%2Fcomments&post=1386"}],"version-history":[{"count":1,"href":"https:\/\/cultura.sma.gob.ar\/index.php?rest_route=\/wp\/v2\/posts\/1386\/revisions"}],"predecessor-version":[{"id":1389,"href":"https:\/\/cultura.sma.gob.ar\/index.php?rest_route=\/wp\/v2\/posts\/1386\/revisions\/1389"}],"wp:featuredmedia":[{"embeddable":true,"href":"https:\/\/cultura.sma.gob.ar\/index.php?rest_route=\/wp\/v2\/media\/1387"}],"wp:attachment":[{"href":"https:\/\/cultura.sma.gob.ar\/index.php?rest_route=%2Fwp%2Fv2%2Fmedia&parent=1386"}],"wp:term":[{"taxonomy":"category","embeddable":true,"href":"https:\/\/cultura.sma.gob.ar\/index.php?rest_route=%2Fwp%2Fv2%2Fcategories&post=1386"},{"taxonomy":"post_tag","embeddable":true,"href":"https:\/\/cultura.sma.gob.ar\/index.php?rest_route=%2Fwp%2Fv2%2Ftags&post=1386"}],"curies":[{"name":"wp","href":"https:\/\/api.w.org\/{rel}","templated":true}]}}