{"id":1383,"date":"2021-03-31T10:48:16","date_gmt":"2021-03-31T13:48:16","guid":{"rendered":"http:\/\/cultura.sma.gob.ar\/?p=1383"},"modified":"2021-03-31T10:48:16","modified_gmt":"2021-03-31T13:48:16","slug":"nueva-presentacion-de-zambalache-en-el-centro-cultural-cotesma","status":"publish","type":"post","link":"https:\/\/cultura.sma.gob.ar\/?p=1383","title":{"rendered":"Nueva presentaci\u00f3n de Zambalache en el Centro Cultural Cotesma"},"content":{"rendered":"\n<figure class=\"wp-block-image size-large\"><img loading=\"lazy\" decoding=\"async\" width=\"773\" height=\"1024\" src=\"http:\/\/cultura.sma.gob.ar\/wp-content\/uploads\/2021\/03\/Flyer-Zambalache-17-04-2021-773x1024.jpg\" alt=\"\" class=\"wp-image-1384\"\/><\/figure>\n\n\n\n<p>El pr\u00f3ximo s\u00e1bado, 17 de abril a las 21:30hs en nuestra querida Sala Amankay, llega Zambalache con su espect\u00e1culo \u201cTANGOS DE AYER, HOY Y EL FUTURO\u201d. De esta manera, llega la segunda fecha Mu.Sa. (Asociaci\u00f3n de M\u00fasicos de San Mart\u00edn de los Andes), del mes de abril, luego de la presentaci\u00f3n de &#8220;TODOCONCUERDA&#8221; programada para el s\u00e1bado 03.<br>Con la mente puesta en el ahora, pero la mirada puesta en lo que vendr\u00e1, el conjunto musical vern\u00e1culo se presentar\u00e1 con p\u00fablico presencial y con todos los protocolos sanitarios vigentes para la seguridad, tranquilidad y goce de los presentes.<br>Ser\u00e1 la vuelta del cuarteto t\u00edpico a un concierto con p\u00fablico, luego de un 2020 donde s\u00f3lo se presentaron a trav\u00e9s de sus redes sociales haciendo transmisiones en vivo para todo el mundo. Ese d\u00eda se podr\u00e1n o\u00edr tangos y milongas que cuentan historias. Historias que ocurren en ciudades, barrios, conventillos y bailongos. Historias que trasuntan el misterio del amor, los seres y las cosas. Historias con colores, aromas, aventuras y nostalgias.<br>Ac\u00e9rquese a escuchar el derrotero musical de tangos y milongas de Zambalache.<\/p>\n\n\n\n<p>Las entradas ya est\u00e1n a la venta en la boleteria del Centro Cultural. Cupos limitados.<br>Anticipadas en la boleter\u00eda del teatro $400.-<br>El mismo d\u00eda $500.-<\/p>\n\n\n\n<p>Zambalache es:<br>Emiliano Casvin y Gustavo Navarro en guitarras.<br>Mart\u00edn Vargas en Bandone\u00f3n.<br>Cristi\u00e1n &#8220;Taza&#8221; Mendor, Cantor nacional.\u00a0<br>Sonido y perilleo: Ra\u00fal Pina.<\/p>\n","protected":false},"excerpt":{"rendered":"<p>S\u00e1bado 17 a las 21:30 hs. Entradas en venta en boleter\u00eda. <a href=\"https:\/\/cultura.sma.gob.ar\/?p=1383\" class=\"more-link\">Continue reading <span class=\"screen-reader-text\">Nueva presentaci\u00f3n de Zambalache en el Centro Cultural Cotesma<\/span><\/a><\/p>\n","protected":false},"author":1,"featured_media":1384,"comment_status":"closed","ping_status":"","sticky":false,"template":"","format":"image","meta":{"footnotes":""},"categories":[2],"tags":[],"class_list":["post-1383","post","type-post","status-publish","format-image","has-post-thumbnail","hentry","category-ciudad-cultural","post_format-post-format-image"],"_links":{"self":[{"href":"https:\/\/cultura.sma.gob.ar\/index.php?rest_route=\/wp\/v2\/posts\/1383","targetHints":{"allow":["GET"]}}],"collection":[{"href":"https:\/\/cultura.sma.gob.ar\/index.php?rest_route=\/wp\/v2\/posts"}],"about":[{"href":"https:\/\/cultura.sma.gob.ar\/index.php?rest_route=\/wp\/v2\/types\/post"}],"author":[{"embeddable":true,"href":"https:\/\/cultura.sma.gob.ar\/index.php?rest_route=\/wp\/v2\/users\/1"}],"replies":[{"embeddable":true,"href":"https:\/\/cultura.sma.gob.ar\/index.php?rest_route=%2Fwp%2Fv2%2Fcomments&post=1383"}],"version-history":[{"count":1,"href":"https:\/\/cultura.sma.gob.ar\/index.php?rest_route=\/wp\/v2\/posts\/1383\/revisions"}],"predecessor-version":[{"id":1385,"href":"https:\/\/cultura.sma.gob.ar\/index.php?rest_route=\/wp\/v2\/posts\/1383\/revisions\/1385"}],"wp:featuredmedia":[{"embeddable":true,"href":"https:\/\/cultura.sma.gob.ar\/index.php?rest_route=\/wp\/v2\/media\/1384"}],"wp:attachment":[{"href":"https:\/\/cultura.sma.gob.ar\/index.php?rest_route=%2Fwp%2Fv2%2Fmedia&parent=1383"}],"wp:term":[{"taxonomy":"category","embeddable":true,"href":"https:\/\/cultura.sma.gob.ar\/index.php?rest_route=%2Fwp%2Fv2%2Fcategories&post=1383"},{"taxonomy":"post_tag","embeddable":true,"href":"https:\/\/cultura.sma.gob.ar\/index.php?rest_route=%2Fwp%2Fv2%2Ftags&post=1383"}],"curies":[{"name":"wp","href":"https:\/\/api.w.org\/{rel}","templated":true}]}}