{"id":1364,"date":"2021-03-30T13:25:22","date_gmt":"2021-03-30T16:25:22","guid":{"rendered":"http:\/\/cultura.sma.gob.ar\/?p=1364"},"modified":"2021-03-30T13:25:22","modified_gmt":"2021-03-30T16:25:22","slug":"workshop-de-fotografia-de-paisaje","status":"publish","type":"post","link":"https:\/\/cultura.sma.gob.ar\/?p=1364","title":{"rendered":"Workshop de fotograf\u00eda de paisaje"},"content":{"rendered":"\n<figure class=\"wp-block-image size-large\"><img loading=\"lazy\" decoding=\"async\" width=\"741\" height=\"1024\" src=\"http:\/\/cultura.sma.gob.ar\/wp-content\/uploads\/2021\/03\/Screenshot_20210330-084016_Drive-741x1024.jpg\" alt=\"\" class=\"wp-image-1365\" srcset=\"https:\/\/cultura.sma.gob.ar\/wp-content\/uploads\/2021\/03\/Screenshot_20210330-084016_Drive-741x1024.jpg 741w, https:\/\/cultura.sma.gob.ar\/wp-content\/uploads\/2021\/03\/Screenshot_20210330-084016_Drive-217x300.jpg 217w, https:\/\/cultura.sma.gob.ar\/wp-content\/uploads\/2021\/03\/Screenshot_20210330-084016_Drive-768x1062.jpg 768w, https:\/\/cultura.sma.gob.ar\/wp-content\/uploads\/2021\/03\/Screenshot_20210330-084016_Drive-65x90.jpg 65w, https:\/\/cultura.sma.gob.ar\/wp-content\/uploads\/2021\/03\/Screenshot_20210330-084016_Drive.jpg 1011w\" sizes=\"auto, (max-width: 741px) 100vw, 741px\" \/><\/figure>\n\n\n\n<p><strong>Curso de fotograf\u00eda de paisajes &#8211; Clases virtuales y presenciales<\/strong><\/p>\n\n\n\n<p>Dirigido a toda persona interesada en la fotograf\u00eda de paisajes, con experiencia b\u00e1sica o que quieran pulir su t\u00e9cnica avanzada. El workshop est\u00e1 conformado por dos clases virtuales y tres d\u00edas de teor\u00eda y pr\u00e1ctica en el Parque de Monta\u00f1a Miram\u00e1s, en San Mart\u00edn de los Andes.<\/p>\n\n\n\n<p>Las tres jornadas presenciales ser\u00e1n con pernocte en el refugio y comidas incluidas, a cargo del lugar. Adem\u00e1s incluye material did\u00e1ctico, gu\u00eda constante de los docentes, actualizaciones gratuitas, limpieza del sensor de c\u00e1mara, listado de programas, fuentes y aplicaciones \u00fatiles, descuentos y certificado de concurrencia. No incluye traslado al refugio.<\/p>\n\n\n\n<p>Para solicitar m\u00e1s informaci\u00f3n y\/o reservar vacante comunicarse con los docentes:<\/p>\n\n\n\n<p><strong>Ezequiel Laprid<\/strong>a: info@ezequiellaprida.com \/ @ezelaprida \/ 2944 613154<\/p>\n\n\n\n<p><strong>Alberto F\u00e9lix C\u00e1rrega<\/strong>: felix.carrega@gmail.com \/ 1140846100<\/p>\n","protected":false},"excerpt":{"rendered":"<p>Curso de fotograf\u00eda de paisajes &#8211; Clases virtuales y presenciales Dirigido a toda persona interesada en la fotograf\u00eda de paisajes, con experiencia b\u00e1sica o que quieran pulir su t\u00e9cnica avanzada. El workshop est\u00e1 conformado por dos clases virtuales y tres d\u00edas de teor\u00eda y pr\u00e1ctica en el Parque de Monta\u00f1a Miram\u00e1s, en San Mart\u00edn de los Andes. Las tres jornadas presenciales ser\u00e1n con pernocte en &hellip; <a href=\"https:\/\/cultura.sma.gob.ar\/?p=1364\" class=\"more-link\">Continue reading <span class=\"screen-reader-text\">Workshop de fotograf\u00eda de paisaje<\/span><\/a><\/p>\n","protected":false},"author":1,"featured_media":297,"comment_status":"closed","ping_status":"","sticky":false,"template":"","format":"image","meta":{"footnotes":""},"categories":[2],"tags":[],"class_list":["post-1364","post","type-post","status-publish","format-image","has-post-thumbnail","hentry","category-ciudad-cultural","post_format-post-format-image"],"_links":{"self":[{"href":"https:\/\/cultura.sma.gob.ar\/index.php?rest_route=\/wp\/v2\/posts\/1364","targetHints":{"allow":["GET"]}}],"collection":[{"href":"https:\/\/cultura.sma.gob.ar\/index.php?rest_route=\/wp\/v2\/posts"}],"about":[{"href":"https:\/\/cultura.sma.gob.ar\/index.php?rest_route=\/wp\/v2\/types\/post"}],"author":[{"embeddable":true,"href":"https:\/\/cultura.sma.gob.ar\/index.php?rest_route=\/wp\/v2\/users\/1"}],"replies":[{"embeddable":true,"href":"https:\/\/cultura.sma.gob.ar\/index.php?rest_route=%2Fwp%2Fv2%2Fcomments&post=1364"}],"version-history":[{"count":1,"href":"https:\/\/cultura.sma.gob.ar\/index.php?rest_route=\/wp\/v2\/posts\/1364\/revisions"}],"predecessor-version":[{"id":1366,"href":"https:\/\/cultura.sma.gob.ar\/index.php?rest_route=\/wp\/v2\/posts\/1364\/revisions\/1366"}],"wp:featuredmedia":[{"embeddable":true,"href":"https:\/\/cultura.sma.gob.ar\/index.php?rest_route=\/wp\/v2\/media\/297"}],"wp:attachment":[{"href":"https:\/\/cultura.sma.gob.ar\/index.php?rest_route=%2Fwp%2Fv2%2Fmedia&parent=1364"}],"wp:term":[{"taxonomy":"category","embeddable":true,"href":"https:\/\/cultura.sma.gob.ar\/index.php?rest_route=%2Fwp%2Fv2%2Fcategories&post=1364"},{"taxonomy":"post_tag","embeddable":true,"href":"https:\/\/cultura.sma.gob.ar\/index.php?rest_route=%2Fwp%2Fv2%2Ftags&post=1364"}],"curies":[{"name":"wp","href":"https:\/\/api.w.org\/{rel}","templated":true}]}}