{"id":1345,"date":"2021-03-25T09:27:18","date_gmt":"2021-03-25T12:27:18","guid":{"rendered":"http:\/\/cultura.sma.gob.ar\/?p=1345"},"modified":"2021-03-25T09:27:18","modified_gmt":"2021-03-25T12:27:18","slug":"todoconcuerdas-presenta-su-segundo-disco","status":"publish","type":"post","link":"https:\/\/cultura.sma.gob.ar\/?p=1345","title":{"rendered":"&#8220;Todoconcuerdas&#8221; presenta su segundo disco"},"content":{"rendered":"\n<figure class=\"wp-block-image size-large\"><img loading=\"lazy\" decoding=\"async\" width=\"1024\" height=\"1024\" src=\"http:\/\/cultura.sma.gob.ar\/wp-content\/uploads\/2021\/03\/Todoconcuerda-Flyer-Abril-JPG-1024x1024.jpg\" alt=\"\" class=\"wp-image-1346\" srcset=\"https:\/\/cultura.sma.gob.ar\/wp-content\/uploads\/2021\/03\/Todoconcuerda-Flyer-Abril-JPG-1024x1024.jpg 1024w, https:\/\/cultura.sma.gob.ar\/wp-content\/uploads\/2021\/03\/Todoconcuerda-Flyer-Abril-JPG-300x300.jpg 300w, https:\/\/cultura.sma.gob.ar\/wp-content\/uploads\/2021\/03\/Todoconcuerda-Flyer-Abril-JPG-150x150.jpg 150w, https:\/\/cultura.sma.gob.ar\/wp-content\/uploads\/2021\/03\/Todoconcuerda-Flyer-Abril-JPG-768x768.jpg 768w, https:\/\/cultura.sma.gob.ar\/wp-content\/uploads\/2021\/03\/Todoconcuerda-Flyer-Abril-JPG-90x90.jpg 90w, https:\/\/cultura.sma.gob.ar\/wp-content\/uploads\/2021\/03\/Todoconcuerda-Flyer-Abril-JPG.jpg 1080w\" sizes=\"auto, (max-width: 1024px) 100vw, 1024px\" \/><\/figure>\n\n\n\n<p>El pr\u00f3ximo s\u00e1bado 03 de abril a las 21hs, comenzamos el cuarto mes del a\u00f1o a puro show. Crist\u00f3bal \u201cTodoconcuerda\u201d Rodr\u00edguez presenta su segundo disco \u201cEL CANTAUTOR\u201d.<\/p>\n\n\n\n<p>Crist\u00f3bal Rodr\u00edguez, solista Neuquino, que, desde principio de 2018, bajo el nombre art\u00edstico Todoconcuerda, trabaja sus canciones grab\u00e1ndolas y difundiendo con su productora independiente &#8220;Todoconcuerda Records&#8221; e interpret\u00e1ndolas en vivo con un sonido Folk fusi\u00f3n r\u00edtmico, electro-ac\u00fastico e interactivo. Sus letras hablan de las aventuras y altibajos de la vida de sus personajes inventados, los cuales, mezcla un poco con su historia personal (como lo ha realizado en su 2do \u00e1lbum, &#8220;El Cantautor&#8221;, que, a 7 meses de su estreno, cuenta con m\u00e1s de 25.000 reproducciones y est\u00e1 siendo escuchado en los pa\u00edses de Argentina, Per\u00fa, Chile, Uruguay, Paraguay, M\u00e9xico, Ecuador, Colombia, Estados Unidos, Italia, Espa\u00f1a, entre otros lugares. En dicho canal, Todoconcuerda, tiene m\u00e1s de 105.000 reproducciones en YouTube y 17.000 escuchas en Spotify, ambas en apenas 2 a\u00f1os de su lanzamiento.&nbsp;<\/p>\n\n\n\n<p>Actualmente se encuentra de gira por el pa\u00eds con su gira El CantauTour (desde diciembre 2020 de manera presencial en Rosario, Santa Fe, Buenos Aires Capital, Buenos Aires Provincia, Neuqu\u00e9n Capital, Neuqu\u00e9n Provincia; Chile, Uruguay y EEUU por Streaming), presentando su 2do \u00e1lbum El Cantautor (seleccionado para los Premios Gardel 2021).&nbsp;<\/p>\n\n\n\n<p>Link de &#8220;El Cantautor&#8221;:&nbsp;<a href=\"https:\/\/correo.smandes.gov.ar\/owa\/redir.aspx?C=05be9016c01948ec9d9d65c6bc27dc57&amp;URL=https%3a%2f%2fwww.youtube.com%2fwatch%3fv%3dqThJh5hsJYU%26t%3d8s\" target=\"_blank\" rel=\"noreferrer noopener\">https:\/\/www.youtube.com\/watch?v=qThJh5hsJYU&amp;t=8s<\/a><\/p>\n\n\n\n<p>Redes sociales:<br><a href=\"https:\/\/correo.smandes.gov.ar\/owa\/redir.aspx?C=05be9016c01948ec9d9d65c6bc27dc57&amp;URL=https%3a%2f%2fwww.instagram.com%2ftodoconcuerdaoficial%2f%3fhl%3des-la\" target=\"_blank\" rel=\"noreferrer noopener\">https:\/\/www.instagram.com\/todoconcuerdaoficial\/?hl=es-la<\/a><br><a href=\"https:\/\/correo.smandes.gov.ar\/owa\/redir.aspx?C=05be9016c01948ec9d9d65c6bc27dc57&amp;URL=https%3a%2f%2fwww.facebook.com%2fTodoconcuerdaOficial%2f\" target=\"_blank\" rel=\"noreferrer noopener\">https:\/\/www.facebook.com\/TodoconcuerdaOficial\/<\/a><br>Mi biograf\u00eda:&nbsp;<a href=\"https:\/\/correo.smandes.gov.ar\/owa\/redir.aspx?C=05be9016c01948ec9d9d65c6bc27dc57&amp;URL=https%3a%2f%2ftodoconcuerda.webnode.es%2fbiografia-todoconcuerda%2f\" target=\"_blank\" rel=\"noreferrer noopener\">https:\/\/todoconcuerda.webnode.es\/biografia-todoconcuerda\/<\/a>&nbsp;<br>Noticias en diarios y radios:&nbsp;<a href=\"https:\/\/correo.smandes.gov.ar\/owa\/redir.aspx?C=05be9016c01948ec9d9d65c6bc27dc57&amp;URL=https%3a%2f%2ftodoconcuerda.webnode.es%2f\" target=\"_blank\" rel=\"noreferrer noopener\">https:\/\/todoconcuerda.webnode.es\/<\/a><\/p>\n\n\n\n<p>N\u00famero de contacto: 341 3459082<\/p>\n\n\n\n<p>Entradas numeradas, con cupo limitado, en venta en la boleteria del Centro Cultural Cotesma.<\/p>\n\n\n\n<p>Valor $300.-<\/p>\n","protected":false},"excerpt":{"rendered":"<p>S\u00e1bado 3 de abril en la Sala Amankay <a href=\"https:\/\/cultura.sma.gob.ar\/?p=1345\" class=\"more-link\">Continue reading <span class=\"screen-reader-text\">&#8220;Todoconcuerdas&#8221; presenta su segundo disco<\/span><\/a><\/p>\n","protected":false},"author":1,"featured_media":297,"comment_status":"closed","ping_status":"","sticky":false,"template":"","format":"image","meta":{"footnotes":""},"categories":[2],"tags":[],"class_list":["post-1345","post","type-post","status-publish","format-image","has-post-thumbnail","hentry","category-ciudad-cultural","post_format-post-format-image"],"_links":{"self":[{"href":"https:\/\/cultura.sma.gob.ar\/index.php?rest_route=\/wp\/v2\/posts\/1345","targetHints":{"allow":["GET"]}}],"collection":[{"href":"https:\/\/cultura.sma.gob.ar\/index.php?rest_route=\/wp\/v2\/posts"}],"about":[{"href":"https:\/\/cultura.sma.gob.ar\/index.php?rest_route=\/wp\/v2\/types\/post"}],"author":[{"embeddable":true,"href":"https:\/\/cultura.sma.gob.ar\/index.php?rest_route=\/wp\/v2\/users\/1"}],"replies":[{"embeddable":true,"href":"https:\/\/cultura.sma.gob.ar\/index.php?rest_route=%2Fwp%2Fv2%2Fcomments&post=1345"}],"version-history":[{"count":1,"href":"https:\/\/cultura.sma.gob.ar\/index.php?rest_route=\/wp\/v2\/posts\/1345\/revisions"}],"predecessor-version":[{"id":1347,"href":"https:\/\/cultura.sma.gob.ar\/index.php?rest_route=\/wp\/v2\/posts\/1345\/revisions\/1347"}],"wp:featuredmedia":[{"embeddable":true,"href":"https:\/\/cultura.sma.gob.ar\/index.php?rest_route=\/wp\/v2\/media\/297"}],"wp:attachment":[{"href":"https:\/\/cultura.sma.gob.ar\/index.php?rest_route=%2Fwp%2Fv2%2Fmedia&parent=1345"}],"wp:term":[{"taxonomy":"category","embeddable":true,"href":"https:\/\/cultura.sma.gob.ar\/index.php?rest_route=%2Fwp%2Fv2%2Fcategories&post=1345"},{"taxonomy":"post_tag","embeddable":true,"href":"https:\/\/cultura.sma.gob.ar\/index.php?rest_route=%2Fwp%2Fv2%2Ftags&post=1345"}],"curies":[{"name":"wp","href":"https:\/\/api.w.org\/{rel}","templated":true}]}}