{"id":1341,"date":"2021-03-23T10:15:13","date_gmt":"2021-03-23T13:15:13","guid":{"rendered":"http:\/\/cultura.sma.gob.ar\/?p=1341"},"modified":"2021-03-23T10:15:13","modified_gmt":"2021-03-23T13:15:13","slug":"gol-de-quien-nueva-propuesta-teatral-en-piccolo","status":"publish","type":"post","link":"https:\/\/cultura.sma.gob.ar\/?p=1341","title":{"rendered":"\u00bfGol de qui\u00e9n?: nueva propuesta teatral en Piccolo"},"content":{"rendered":"\n<figure class=\"wp-block-image size-large\"><img loading=\"lazy\" decoding=\"async\" width=\"526\" height=\"526\" src=\"http:\/\/cultura.sma.gob.ar\/wp-content\/uploads\/2021\/03\/gol-de-quien-piccolo.jpg\" alt=\"\" class=\"wp-image-1342\" srcset=\"https:\/\/cultura.sma.gob.ar\/wp-content\/uploads\/2021\/03\/gol-de-quien-piccolo.jpg 526w, https:\/\/cultura.sma.gob.ar\/wp-content\/uploads\/2021\/03\/gol-de-quien-piccolo-300x300.jpg 300w, https:\/\/cultura.sma.gob.ar\/wp-content\/uploads\/2021\/03\/gol-de-quien-piccolo-150x150.jpg 150w, https:\/\/cultura.sma.gob.ar\/wp-content\/uploads\/2021\/03\/gol-de-quien-piccolo-90x90.jpg 90w\" sizes=\"auto, (max-width: 526px) 100vw, 526px\" \/><\/figure>\n\n\n\n<p>Vuelve GDQ?!Es lo que todos dicen pero no es una pregunta, es: \u00a1Vuelve &#8220;\u00bfGol de qui\u00e9n?&#8221;!<\/p>\n\n\n\n<p>Extra\u00f1\u00e1bamos hacer teatro, los actores y las actrices del Piccolo, y por fin nos sacaremos las ganas con esta obra que nos moviliza tanto, por lo personal y lo nacional, por la familia y por la patria. <\/p>\n\n\n\n<p>As\u00ed de grande es esta obra de Emilio Ferrero!Dos funciones, viernes y s\u00e1bado. Hace tu reserva al 2944 931212 y ven\u00ed a sentir desde bien hondo!Luego de la funci\u00f3n podr\u00e1s quedarte a cenar y charlar!<\/p>\n","protected":false},"excerpt":{"rendered":"<p>Viernes 26 y s\u00e1bado 27 de marzo &#8211; Teatro Piccolo. <a href=\"https:\/\/cultura.sma.gob.ar\/?p=1341\" class=\"more-link\">Continue reading <span class=\"screen-reader-text\">\u00bfGol de qui\u00e9n?: nueva propuesta teatral en Piccolo<\/span><\/a><\/p>\n","protected":false},"author":1,"featured_media":297,"comment_status":"closed","ping_status":"","sticky":false,"template":"","format":"image","meta":{"footnotes":""},"categories":[2],"tags":[],"class_list":["post-1341","post","type-post","status-publish","format-image","has-post-thumbnail","hentry","category-ciudad-cultural","post_format-post-format-image"],"_links":{"self":[{"href":"https:\/\/cultura.sma.gob.ar\/index.php?rest_route=\/wp\/v2\/posts\/1341","targetHints":{"allow":["GET"]}}],"collection":[{"href":"https:\/\/cultura.sma.gob.ar\/index.php?rest_route=\/wp\/v2\/posts"}],"about":[{"href":"https:\/\/cultura.sma.gob.ar\/index.php?rest_route=\/wp\/v2\/types\/post"}],"author":[{"embeddable":true,"href":"https:\/\/cultura.sma.gob.ar\/index.php?rest_route=\/wp\/v2\/users\/1"}],"replies":[{"embeddable":true,"href":"https:\/\/cultura.sma.gob.ar\/index.php?rest_route=%2Fwp%2Fv2%2Fcomments&post=1341"}],"version-history":[{"count":1,"href":"https:\/\/cultura.sma.gob.ar\/index.php?rest_route=\/wp\/v2\/posts\/1341\/revisions"}],"predecessor-version":[{"id":1343,"href":"https:\/\/cultura.sma.gob.ar\/index.php?rest_route=\/wp\/v2\/posts\/1341\/revisions\/1343"}],"wp:featuredmedia":[{"embeddable":true,"href":"https:\/\/cultura.sma.gob.ar\/index.php?rest_route=\/wp\/v2\/media\/297"}],"wp:attachment":[{"href":"https:\/\/cultura.sma.gob.ar\/index.php?rest_route=%2Fwp%2Fv2%2Fmedia&parent=1341"}],"wp:term":[{"taxonomy":"category","embeddable":true,"href":"https:\/\/cultura.sma.gob.ar\/index.php?rest_route=%2Fwp%2Fv2%2Fcategories&post=1341"},{"taxonomy":"post_tag","embeddable":true,"href":"https:\/\/cultura.sma.gob.ar\/index.php?rest_route=%2Fwp%2Fv2%2Ftags&post=1341"}],"curies":[{"name":"wp","href":"https:\/\/api.w.org\/{rel}","templated":true}]}}