{"id":1334,"date":"2021-03-19T09:36:14","date_gmt":"2021-03-19T12:36:14","guid":{"rendered":"http:\/\/cultura.sma.gob.ar\/?p=1334"},"modified":"2021-03-19T09:36:14","modified_gmt":"2021-03-19T12:36:14","slug":"emagico-nueva-funcion-en-la-sala-amancay","status":"publish","type":"post","link":"https:\/\/cultura.sma.gob.ar\/?p=1334","title":{"rendered":"EM\u00e1gico: nueva funci\u00f3n en la Sala Amancay"},"content":{"rendered":"\n<figure class=\"wp-block-image size-large\"><img loading=\"lazy\" decoding=\"async\" width=\"484\" height=\"700\" src=\"http:\/\/cultura.sma.gob.ar\/wp-content\/uploads\/2021\/03\/E-Magico-FLyer-difusion-27-03.jpg\" alt=\"\" class=\"wp-image-1335\" srcset=\"https:\/\/cultura.sma.gob.ar\/wp-content\/uploads\/2021\/03\/E-Magico-FLyer-difusion-27-03.jpg 484w, https:\/\/cultura.sma.gob.ar\/wp-content\/uploads\/2021\/03\/E-Magico-FLyer-difusion-27-03-207x300.jpg 207w, https:\/\/cultura.sma.gob.ar\/wp-content\/uploads\/2021\/03\/E-Magico-FLyer-difusion-27-03-62x90.jpg 62w\" sizes=\"auto, (max-width: 484px) 100vw, 484px\" \/><\/figure>\n\n\n\n<p>El pr\u00f3ximo s\u00e1bado, 27 de marzo a las 21:30hs seguimos disfrutando espect\u00e1culos en nuestra querida Sala Amankay.<br>Desde la vecina ciudad de Jun\u00edn de los Andes, llega la Obra Teatral \u201cE-M\u00c1GICO\u201d, espect\u00e1culo pensado como eje principal de la campa\u00f1a: \u201cE-M\u00e1gico, visualizaci\u00f3n de la Esclerosis M\u00faltiple en Argentina\u201d, que dio inicio el 19 de diciembre del 2020.<br>La obra, encasillada en el g\u00e9nero Teatro Realista de Representaci\u00f3n, est\u00e1 dirigida a J\u00f3venes y Adultos, y sintetiza la particular experiencia que atraviesa una persona con Esclerosis M\u00faltiple.<br>Su enojo interno se refleja en un afuera muy cercano que, como un espejo, le hace percibir lo que niega y no deja ver.<br>Entre frustraciones y desconocimiento compartido, pone en tela de juicio su malestar, su \u201cdiscapacidad\u201d y la sociedad que lo rodea.<\/p>\n\n\n\n<p>Ficha t\u00e9cnica:<br>Juli\u00e1n Mariano Rico (Actor)<br>Lucas Gozategui (Actor)<br>Rodrigo Ezequiel Rec\u00fapero (Director y dramaturgo)<\/p>\n\n\n\n<p>Entrada General $350, en venta en la boleteria del Centro Cultural Cotesma.- Cupos limitados.-<\/p>\n\n\n\n<p>Contacto: +54 9 2944 250429<\/p>\n","protected":false},"excerpt":{"rendered":"<p>El pr\u00f3ximo s\u00e1bado, 27 de marzo a las 21:30hs seguimos disfrutando espect\u00e1culos en nuestra querida Sala Amankay. <a href=\"https:\/\/cultura.sma.gob.ar\/?p=1334\" class=\"more-link\">Continue reading <span class=\"screen-reader-text\">EM\u00e1gico: nueva funci\u00f3n en la Sala Amancay<\/span><\/a><\/p>\n","protected":false},"author":1,"featured_media":297,"comment_status":"closed","ping_status":"","sticky":false,"template":"","format":"image","meta":{"footnotes":""},"categories":[2,9],"tags":[],"class_list":["post-1334","post","type-post","status-publish","format-image","has-post-thumbnail","hentry","category-ciudad-cultural","category-ultimas-noticias","post_format-post-format-image"],"_links":{"self":[{"href":"https:\/\/cultura.sma.gob.ar\/index.php?rest_route=\/wp\/v2\/posts\/1334","targetHints":{"allow":["GET"]}}],"collection":[{"href":"https:\/\/cultura.sma.gob.ar\/index.php?rest_route=\/wp\/v2\/posts"}],"about":[{"href":"https:\/\/cultura.sma.gob.ar\/index.php?rest_route=\/wp\/v2\/types\/post"}],"author":[{"embeddable":true,"href":"https:\/\/cultura.sma.gob.ar\/index.php?rest_route=\/wp\/v2\/users\/1"}],"replies":[{"embeddable":true,"href":"https:\/\/cultura.sma.gob.ar\/index.php?rest_route=%2Fwp%2Fv2%2Fcomments&post=1334"}],"version-history":[{"count":1,"href":"https:\/\/cultura.sma.gob.ar\/index.php?rest_route=\/wp\/v2\/posts\/1334\/revisions"}],"predecessor-version":[{"id":1336,"href":"https:\/\/cultura.sma.gob.ar\/index.php?rest_route=\/wp\/v2\/posts\/1334\/revisions\/1336"}],"wp:featuredmedia":[{"embeddable":true,"href":"https:\/\/cultura.sma.gob.ar\/index.php?rest_route=\/wp\/v2\/media\/297"}],"wp:attachment":[{"href":"https:\/\/cultura.sma.gob.ar\/index.php?rest_route=%2Fwp%2Fv2%2Fmedia&parent=1334"}],"wp:term":[{"taxonomy":"category","embeddable":true,"href":"https:\/\/cultura.sma.gob.ar\/index.php?rest_route=%2Fwp%2Fv2%2Fcategories&post=1334"},{"taxonomy":"post_tag","embeddable":true,"href":"https:\/\/cultura.sma.gob.ar\/index.php?rest_route=%2Fwp%2Fv2%2Ftags&post=1334"}],"curies":[{"name":"wp","href":"https:\/\/api.w.org\/{rel}","templated":true}]}}