{"id":1316,"date":"2021-03-17T10:34:06","date_gmt":"2021-03-17T13:34:06","guid":{"rendered":"http:\/\/cultura.sma.gob.ar\/?p=1316"},"modified":"2021-03-17T10:34:06","modified_gmt":"2021-03-17T13:34:06","slug":"convocan-a-grafiteros-y-grafiteras-locales-para-reunion","status":"publish","type":"post","link":"https:\/\/cultura.sma.gob.ar\/?p=1316","title":{"rendered":"Convocan a grafiteros y grafiteras locales para reuni\u00f3n"},"content":{"rendered":"\n<p>La Secretar\u00eda de Cultura invita a graffiteros y graffiteras locales a participar de una reuni\u00f3n, el d\u00eda lunes 22 de marzo a las 11 hs, en la Sala Municipal de Exposiciones Lidaura Chapitel, con el objetivo de recibir sugerencias en relaci\u00f3n a la Ordenanza N\u00ba 8567\/2009.<\/p>\n\n\n\n<figure class=\"wp-block-image size-large\"><img loading=\"lazy\" decoding=\"async\" width=\"851\" height=\"851\" src=\"http:\/\/cultura.sma.gob.ar\/wp-content\/uploads\/2021\/03\/IMG-20210317-WA0019.jpg\" alt=\"\" class=\"wp-image-1321\" srcset=\"https:\/\/cultura.sma.gob.ar\/wp-content\/uploads\/2021\/03\/IMG-20210317-WA0019.jpg 851w, https:\/\/cultura.sma.gob.ar\/wp-content\/uploads\/2021\/03\/IMG-20210317-WA0019-300x300.jpg 300w, https:\/\/cultura.sma.gob.ar\/wp-content\/uploads\/2021\/03\/IMG-20210317-WA0019-150x150.jpg 150w, https:\/\/cultura.sma.gob.ar\/wp-content\/uploads\/2021\/03\/IMG-20210317-WA0019-768x768.jpg 768w, https:\/\/cultura.sma.gob.ar\/wp-content\/uploads\/2021\/03\/IMG-20210317-WA0019-90x90.jpg 90w\" sizes=\"auto, (max-width: 851px) 100vw, 851px\" \/><\/figure>\n\n\n\n<p>Las personas interesadas en participar deber\u00e1n anotarse llamando al 424-804 o escribiendo un mail a cultura@smandes.gov.ar informando nombre, apellido, DNI y un tel\u00e9fono de contacto.<\/p>\n","protected":false},"excerpt":{"rendered":"<p>Lunes 22 a las 11hs en la Sala Lidaura Chapitel. <a href=\"https:\/\/cultura.sma.gob.ar\/?p=1316\" class=\"more-link\">Continue reading <span class=\"screen-reader-text\">Convocan a grafiteros y grafiteras locales para reuni\u00f3n<\/span><\/a><\/p>\n","protected":false},"author":1,"featured_media":293,"comment_status":"closed","ping_status":"","sticky":false,"template":"","format":"image","meta":{"footnotes":""},"categories":[7,9],"tags":[],"class_list":["post-1316","post","type-post","status-publish","format-image","has-post-thumbnail","hentry","category-talleres-cultura","category-ultimas-noticias","post_format-post-format-image"],"_links":{"self":[{"href":"https:\/\/cultura.sma.gob.ar\/index.php?rest_route=\/wp\/v2\/posts\/1316","targetHints":{"allow":["GET"]}}],"collection":[{"href":"https:\/\/cultura.sma.gob.ar\/index.php?rest_route=\/wp\/v2\/posts"}],"about":[{"href":"https:\/\/cultura.sma.gob.ar\/index.php?rest_route=\/wp\/v2\/types\/post"}],"author":[{"embeddable":true,"href":"https:\/\/cultura.sma.gob.ar\/index.php?rest_route=\/wp\/v2\/users\/1"}],"replies":[{"embeddable":true,"href":"https:\/\/cultura.sma.gob.ar\/index.php?rest_route=%2Fwp%2Fv2%2Fcomments&post=1316"}],"version-history":[{"count":3,"href":"https:\/\/cultura.sma.gob.ar\/index.php?rest_route=\/wp\/v2\/posts\/1316\/revisions"}],"predecessor-version":[{"id":1322,"href":"https:\/\/cultura.sma.gob.ar\/index.php?rest_route=\/wp\/v2\/posts\/1316\/revisions\/1322"}],"wp:featuredmedia":[{"embeddable":true,"href":"https:\/\/cultura.sma.gob.ar\/index.php?rest_route=\/wp\/v2\/media\/293"}],"wp:attachment":[{"href":"https:\/\/cultura.sma.gob.ar\/index.php?rest_route=%2Fwp%2Fv2%2Fmedia&parent=1316"}],"wp:term":[{"taxonomy":"category","embeddable":true,"href":"https:\/\/cultura.sma.gob.ar\/index.php?rest_route=%2Fwp%2Fv2%2Fcategories&post=1316"},{"taxonomy":"post_tag","embeddable":true,"href":"https:\/\/cultura.sma.gob.ar\/index.php?rest_route=%2Fwp%2Fv2%2Ftags&post=1316"}],"curies":[{"name":"wp","href":"https:\/\/api.w.org\/{rel}","templated":true}]}}