{"id":1313,"date":"2021-03-17T09:15:07","date_gmt":"2021-03-17T12:15:07","guid":{"rendered":"http:\/\/cultura.sma.gob.ar\/?p=1313"},"modified":"2021-03-18T08:29:21","modified_gmt":"2021-03-18T11:29:21","slug":"compania-el-cofre-presenta-monologos-en-el-festival-por-la-identidad","status":"publish","type":"post","link":"https:\/\/cultura.sma.gob.ar\/?p=1313","title":{"rendered":"Compa\u00f1\u00eda El Cofre presenta &#8220;Mon\u00f3logos\u201d en el Festival por la Identidad"},"content":{"rendered":"\n<figure class=\"wp-block-image size-large\"><img loading=\"lazy\" decoding=\"async\" width=\"900\" height=\"900\" src=\"http:\/\/cultura.sma.gob.ar\/wp-content\/uploads\/2021\/03\/festival-x-la-identidad_TSJ_VERSION-2-01.jpg\" alt=\"\" class=\"wp-image-1323\" srcset=\"https:\/\/cultura.sma.gob.ar\/wp-content\/uploads\/2021\/03\/festival-x-la-identidad_TSJ_VERSION-2-01.jpg 900w, https:\/\/cultura.sma.gob.ar\/wp-content\/uploads\/2021\/03\/festival-x-la-identidad_TSJ_VERSION-2-01-300x300.jpg 300w, https:\/\/cultura.sma.gob.ar\/wp-content\/uploads\/2021\/03\/festival-x-la-identidad_TSJ_VERSION-2-01-150x150.jpg 150w, https:\/\/cultura.sma.gob.ar\/wp-content\/uploads\/2021\/03\/festival-x-la-identidad_TSJ_VERSION-2-01-768x768.jpg 768w, https:\/\/cultura.sma.gob.ar\/wp-content\/uploads\/2021\/03\/festival-x-la-identidad_TSJ_VERSION-2-01-90x90.jpg 90w\" sizes=\"auto, (max-width: 900px) 100vw, 900px\" \/><\/figure>\n\n\n\n<p>Ser\u00e1n dos funciones el pr\u00f3ximo mi\u00e9rcoles 24 de marzo, a las 20:00 hs y 21:30 hs, con entrada libre y gratuita. Las mismas se podr\u00e1n retirar en el Teatro San Jos\u00e9, con cupos limitados seg\u00fan protocolo sanitario.<\/p>\n\n\n\n<p>Grupo &#8221; El Cofre&#8221; se inicia en el a\u00f1o 2019 y es el primer grupo de San Mart\u00edn de los Andes en presentar obras de Teatro por la Identidad. El 22 de Octubre estren\u00f3 su primera obra: \u201cAguaviva\u201d, con la presencia de su autora Carolina Balbi.&nbsp; Durante la Semana de la Memoria, adem\u00e1s de las funciones abiertas al p\u00fablico en general, se realizaron funciones especiales para 4\u00b0 y 5\u00b0 a\u00f1o de escuelas secundarias de nuestra localidad, donde se favoreci\u00f3 el intercambio de experiencias y el debate. En Noviembre de 2019 particip\u00f3 con la obra Aguaviva en el Encuentro Provincial de Teatro y Artes Esc\u00e9nicas, organizado por TeNeAs en Alumin\u00e9.&nbsp;<\/p>\n\n\n\n<p>En la apertura parcial de actividades, durante la pandemia del 2020, se sumaron al grupo El Cofre, integrantes con conocimiento en cine y producci\u00f3n, lo que permiti\u00f3 adaptar y filmar obras teatrales al lenguaje audiovisual.<\/p>\n\n\n\n<p>Durante los meses de agosto, setiembre y octubre se filmaron: AGUAVIVA de Carolina Balbi, y LOS CABELLOS POR LOS SUELOS de Andrea Garrote.&nbsp; El trabajo fue posible por las condiciones sanitarias favorables en nuestra localidad, respetando los protocolos COVID de distanciamiento social y medidas sanitarias.&nbsp; Adem\u00e1s,&nbsp; crearon un canal propio en YouTube para la difusi\u00f3n de ambas obras por las redes sociales.<\/p>\n\n\n\n<p>Convocados por la Secretar\u00eda de Cultura, este a\u00f1o iniciaron&nbsp; ensayos en forma presencial, protocolos mediante, para la preparaci\u00f3n de Mon\u00f3logos de la Biblioteca de TXI&nbsp; en la Semana de la Memoria.<\/p>\n\n\n\n<p>Integran el grupo El Cofre: Celeste Contreras, Claudia Lauscher, Silvina Ziegel, Andres Archila, Pablo Cala, Esteban Garay, Mariana Taberniso, Claudia Fresnedo y Rodolfo Marino<\/p>\n\n\n\n<p>TEATRO POR LA IDENTIDAD &#8211; MON\u00d3LOGOS<\/p>\n\n\n\n<ul class=\"wp-block-list\"><li><strong>Correr: <\/strong>Entretiempo de un partido de f\u00fatbol, momento crucial donde no s\u00f3lo se juegan el futuro y el destino<\/li><\/ul>\n\n\n\n<p>Autor: &nbsp; Mariano Saba &#8211;&nbsp; Ciclo Id\u00e9nticos V \u2013 Micromon\u00f3logo \u2013 2017<\/p>\n\n\n\n<p>Actor: &nbsp; Pablo Cala<\/p>\n\n\n\n<ul class=\"wp-block-list\"><li><strong>El Debut:<\/strong> La derrota como inicio de un futuro posible<\/li><\/ul>\n\n\n\n<p>Autor: Gabriel Graves \u2013 Ciclo Id\u00e9nticos III &#8211; Micromon\u00f3logo \u2013 2015<\/p>\n\n\n\n<p>Actor:&nbsp; Andr\u00e9s Archila<\/p>\n\n\n\n<ul class=\"wp-block-list\"><li><strong>Una Estirpe de petisas: <\/strong>Un vestido.&nbsp; Pasado, presente, continuidad de una estirpe de mujeres.<\/li><\/ul>\n\n\n\n<p>Autora:&nbsp; Patricia Zangaro \u2013 Mon\u00f3logo \u2013 2001<\/p>\n\n\n\n<p>Actriz:&nbsp; Claudia Lauscher<\/p>\n","protected":false},"excerpt":{"rendered":"<p>Ser\u00e1n dos funciones el pr\u00f3ximo mi\u00e9rcoles 24 de marzo, a las 20:00 hs y 21:30 hs, con entrada libre y gratuita. Las mismas se podr\u00e1n retirar en el Teatro San Jos\u00e9, con cupos limitados seg\u00fan protocolo sanitario. <a href=\"https:\/\/cultura.sma.gob.ar\/?p=1313\" class=\"more-link\">Continue reading <span class=\"screen-reader-text\">Compa\u00f1\u00eda El Cofre presenta &#8220;Mon\u00f3logos\u201d en el Festival por la Identidad<\/span><\/a><\/p>\n","protected":false},"author":1,"featured_media":292,"comment_status":"closed","ping_status":"","sticky":false,"template":"","format":"image","meta":{"footnotes":""},"categories":[8,9],"tags":[],"class_list":["post-1313","post","type-post","status-publish","format-image","has-post-thumbnail","hentry","category-teatro-san-jose","category-ultimas-noticias","post_format-post-format-image"],"_links":{"self":[{"href":"https:\/\/cultura.sma.gob.ar\/index.php?rest_route=\/wp\/v2\/posts\/1313","targetHints":{"allow":["GET"]}}],"collection":[{"href":"https:\/\/cultura.sma.gob.ar\/index.php?rest_route=\/wp\/v2\/posts"}],"about":[{"href":"https:\/\/cultura.sma.gob.ar\/index.php?rest_route=\/wp\/v2\/types\/post"}],"author":[{"embeddable":true,"href":"https:\/\/cultura.sma.gob.ar\/index.php?rest_route=\/wp\/v2\/users\/1"}],"replies":[{"embeddable":true,"href":"https:\/\/cultura.sma.gob.ar\/index.php?rest_route=%2Fwp%2Fv2%2Fcomments&post=1313"}],"version-history":[{"count":2,"href":"https:\/\/cultura.sma.gob.ar\/index.php?rest_route=\/wp\/v2\/posts\/1313\/revisions"}],"predecessor-version":[{"id":1324,"href":"https:\/\/cultura.sma.gob.ar\/index.php?rest_route=\/wp\/v2\/posts\/1313\/revisions\/1324"}],"wp:featuredmedia":[{"embeddable":true,"href":"https:\/\/cultura.sma.gob.ar\/index.php?rest_route=\/wp\/v2\/media\/292"}],"wp:attachment":[{"href":"https:\/\/cultura.sma.gob.ar\/index.php?rest_route=%2Fwp%2Fv2%2Fmedia&parent=1313"}],"wp:term":[{"taxonomy":"category","embeddable":true,"href":"https:\/\/cultura.sma.gob.ar\/index.php?rest_route=%2Fwp%2Fv2%2Fcategories&post=1313"},{"taxonomy":"post_tag","embeddable":true,"href":"https:\/\/cultura.sma.gob.ar\/index.php?rest_route=%2Fwp%2Fv2%2Ftags&post=1313"}],"curies":[{"name":"wp","href":"https:\/\/api.w.org\/{rel}","templated":true}]}}