{"id":1310,"date":"2021-03-17T08:40:26","date_gmt":"2021-03-17T11:40:26","guid":{"rendered":"http:\/\/cultura.sma.gob.ar\/?p=1310"},"modified":"2021-03-17T08:40:26","modified_gmt":"2021-03-17T11:40:26","slug":"iniciacion-a-la-danza-clasica-para-ninos-y-ninas","status":"publish","type":"post","link":"https:\/\/cultura.sma.gob.ar\/?p=1310","title":{"rendered":"Iniciaci\u00f3n a la danza cl\u00e1sica para ni\u00f1os y ni\u00f1as"},"content":{"rendered":"\n<figure class=\"wp-block-image size-large\"><img loading=\"lazy\" decoding=\"async\" width=\"965\" height=\"1024\" src=\"http:\/\/cultura.sma.gob.ar\/wp-content\/uploads\/2021\/03\/Screenshot_20210317-083659_Drive-965x1024.jpg\" alt=\"\" class=\"wp-image-1311\" srcset=\"https:\/\/cultura.sma.gob.ar\/wp-content\/uploads\/2021\/03\/Screenshot_20210317-083659_Drive-965x1024.jpg 965w, https:\/\/cultura.sma.gob.ar\/wp-content\/uploads\/2021\/03\/Screenshot_20210317-083659_Drive-283x300.jpg 283w, https:\/\/cultura.sma.gob.ar\/wp-content\/uploads\/2021\/03\/Screenshot_20210317-083659_Drive-768x815.jpg 768w, https:\/\/cultura.sma.gob.ar\/wp-content\/uploads\/2021\/03\/Screenshot_20210317-083659_Drive-85x90.jpg 85w, https:\/\/cultura.sma.gob.ar\/wp-content\/uploads\/2021\/03\/Screenshot_20210317-083659_Drive.jpg 1008w\" sizes=\"auto, (max-width: 965px) 100vw, 965px\" \/><\/figure>\n","protected":false},"excerpt":{"rendered":"<p>Desde abril en el Teatro San Jos\u00e9 <a href=\"https:\/\/cultura.sma.gob.ar\/?p=1310\" class=\"more-link\">Continue reading <span class=\"screen-reader-text\">Iniciaci\u00f3n a la danza cl\u00e1sica para ni\u00f1os y ni\u00f1as<\/span><\/a><\/p>\n","protected":false},"author":1,"featured_media":297,"comment_status":"closed","ping_status":"","sticky":false,"template":"","format":"image","meta":{"footnotes":""},"categories":[2,9],"tags":[],"class_list":["post-1310","post","type-post","status-publish","format-image","has-post-thumbnail","hentry","category-ciudad-cultural","category-ultimas-noticias","post_format-post-format-image"],"_links":{"self":[{"href":"https:\/\/cultura.sma.gob.ar\/index.php?rest_route=\/wp\/v2\/posts\/1310","targetHints":{"allow":["GET"]}}],"collection":[{"href":"https:\/\/cultura.sma.gob.ar\/index.php?rest_route=\/wp\/v2\/posts"}],"about":[{"href":"https:\/\/cultura.sma.gob.ar\/index.php?rest_route=\/wp\/v2\/types\/post"}],"author":[{"embeddable":true,"href":"https:\/\/cultura.sma.gob.ar\/index.php?rest_route=\/wp\/v2\/users\/1"}],"replies":[{"embeddable":true,"href":"https:\/\/cultura.sma.gob.ar\/index.php?rest_route=%2Fwp%2Fv2%2Fcomments&post=1310"}],"version-history":[{"count":1,"href":"https:\/\/cultura.sma.gob.ar\/index.php?rest_route=\/wp\/v2\/posts\/1310\/revisions"}],"predecessor-version":[{"id":1312,"href":"https:\/\/cultura.sma.gob.ar\/index.php?rest_route=\/wp\/v2\/posts\/1310\/revisions\/1312"}],"wp:featuredmedia":[{"embeddable":true,"href":"https:\/\/cultura.sma.gob.ar\/index.php?rest_route=\/wp\/v2\/media\/297"}],"wp:attachment":[{"href":"https:\/\/cultura.sma.gob.ar\/index.php?rest_route=%2Fwp%2Fv2%2Fmedia&parent=1310"}],"wp:term":[{"taxonomy":"category","embeddable":true,"href":"https:\/\/cultura.sma.gob.ar\/index.php?rest_route=%2Fwp%2Fv2%2Fcategories&post=1310"},{"taxonomy":"post_tag","embeddable":true,"href":"https:\/\/cultura.sma.gob.ar\/index.php?rest_route=%2Fwp%2Fv2%2Ftags&post=1310"}],"curies":[{"name":"wp","href":"https:\/\/api.w.org\/{rel}","templated":true}]}}