{"id":1301,"date":"2021-03-16T08:16:19","date_gmt":"2021-03-16T11:16:19","guid":{"rendered":"http:\/\/cultura.sma.gob.ar\/?p=1301"},"modified":"2021-03-22T12:08:53","modified_gmt":"2021-03-22T15:08:53","slug":"tres-muestras-fotograficas-conviven-en-la-nueva-exposicion-de-la-sala-chapitel","status":"publish","type":"post","link":"https:\/\/cultura.sma.gob.ar\/?p=1301","title":{"rendered":"Tres muestras fotogr\u00e1ficas conviven en la nueva exposici\u00f3n de la Sala Chapitel"},"content":{"rendered":"\n<p>A partir del pr\u00f3ximo lunes 22 de marzo, estar\u00e1 disponible para la visita del p\u00fablico, la nueva exposici\u00f3n fotogr\u00e1fica en la que conviven  tres artistas y sus miradas particulares.\u00a0<\/p>\n\n\n\n<div class=\"wp-block-jetpack-slideshow\" data-effect=\"slide\"><div class=\"wp-block-jetpack-slideshow_container swiper-container\"><ul class=\"wp-block-jetpack-slideshow_swiper-wrapper swiper-wrapper\"><li class=\"wp-block-jetpack-slideshow_slide swiper-slide\"><figure><img loading=\"lazy\" decoding=\"async\" width=\"1024\" height=\"1024\" alt=\"\" class=\"wp-block-jetpack-slideshow_image wp-image-1302\" data-id=\"1302\" src=\"http:\/\/cultura.sma.gob.ar\/wp-content\/uploads\/2021\/03\/expo-marzo-21-02-1024x1024.jpg\" srcset=\"https:\/\/cultura.sma.gob.ar\/wp-content\/uploads\/2021\/03\/expo-marzo-21-02-1024x1024.jpg 1024w, https:\/\/cultura.sma.gob.ar\/wp-content\/uploads\/2021\/03\/expo-marzo-21-02-300x300.jpg 300w, https:\/\/cultura.sma.gob.ar\/wp-content\/uploads\/2021\/03\/expo-marzo-21-02-150x150.jpg 150w, https:\/\/cultura.sma.gob.ar\/wp-content\/uploads\/2021\/03\/expo-marzo-21-02-768x768.jpg 768w, https:\/\/cultura.sma.gob.ar\/wp-content\/uploads\/2021\/03\/expo-marzo-21-02-1536x1536.jpg 1536w, https:\/\/cultura.sma.gob.ar\/wp-content\/uploads\/2021\/03\/expo-marzo-21-02-90x90.jpg 90w, https:\/\/cultura.sma.gob.ar\/wp-content\/uploads\/2021\/03\/expo-marzo-21-02.jpg 1875w\" sizes=\"auto, (max-width: 1024px) 100vw, 1024px\" \/><\/figure><\/li><li class=\"wp-block-jetpack-slideshow_slide swiper-slide\"><figure><img loading=\"lazy\" decoding=\"async\" width=\"1024\" height=\"1024\" alt=\"\" class=\"wp-block-jetpack-slideshow_image wp-image-1303\" data-id=\"1303\" src=\"http:\/\/cultura.sma.gob.ar\/wp-content\/uploads\/2021\/03\/expo-marzo-21-03-1024x1024.jpg\" srcset=\"https:\/\/cultura.sma.gob.ar\/wp-content\/uploads\/2021\/03\/expo-marzo-21-03-1024x1024.jpg 1024w, https:\/\/cultura.sma.gob.ar\/wp-content\/uploads\/2021\/03\/expo-marzo-21-03-300x300.jpg 300w, https:\/\/cultura.sma.gob.ar\/wp-content\/uploads\/2021\/03\/expo-marzo-21-03-150x150.jpg 150w, https:\/\/cultura.sma.gob.ar\/wp-content\/uploads\/2021\/03\/expo-marzo-21-03-768x768.jpg 768w, https:\/\/cultura.sma.gob.ar\/wp-content\/uploads\/2021\/03\/expo-marzo-21-03-1536x1536.jpg 1536w, https:\/\/cultura.sma.gob.ar\/wp-content\/uploads\/2021\/03\/expo-marzo-21-03-90x90.jpg 90w, https:\/\/cultura.sma.gob.ar\/wp-content\/uploads\/2021\/03\/expo-marzo-21-03.jpg 1875w\" sizes=\"auto, (max-width: 1024px) 100vw, 1024px\" \/><\/figure><\/li><li class=\"wp-block-jetpack-slideshow_slide swiper-slide\"><figure><img loading=\"lazy\" decoding=\"async\" width=\"1024\" height=\"1024\" alt=\"\" class=\"wp-block-jetpack-slideshow_image wp-image-1304\" data-id=\"1304\" src=\"http:\/\/cultura.sma.gob.ar\/wp-content\/uploads\/2021\/03\/expo-marzo-21-04-1024x1024.jpg\" srcset=\"https:\/\/cultura.sma.gob.ar\/wp-content\/uploads\/2021\/03\/expo-marzo-21-04-1024x1024.jpg 1024w, https:\/\/cultura.sma.gob.ar\/wp-content\/uploads\/2021\/03\/expo-marzo-21-04-300x300.jpg 300w, https:\/\/cultura.sma.gob.ar\/wp-content\/uploads\/2021\/03\/expo-marzo-21-04-150x150.jpg 150w, https:\/\/cultura.sma.gob.ar\/wp-content\/uploads\/2021\/03\/expo-marzo-21-04-768x768.jpg 768w, https:\/\/cultura.sma.gob.ar\/wp-content\/uploads\/2021\/03\/expo-marzo-21-04-1536x1536.jpg 1536w, https:\/\/cultura.sma.gob.ar\/wp-content\/uploads\/2021\/03\/expo-marzo-21-04-90x90.jpg 90w, https:\/\/cultura.sma.gob.ar\/wp-content\/uploads\/2021\/03\/expo-marzo-21-04.jpg 1875w\" sizes=\"auto, (max-width: 1024px) 100vw, 1024px\" \/><\/figure><\/li><\/ul><a class=\"wp-block-jetpack-slideshow_button-prev swiper-button-prev swiper-button-white\" role=\"button\"><\/a><a class=\"wp-block-jetpack-slideshow_button-next swiper-button-next swiper-button-white\" role=\"button\"><\/a><a aria-label=\"Pause Slideshow\" class=\"wp-block-jetpack-slideshow_button-pause\" role=\"button\"><\/a><div class=\"wp-block-jetpack-slideshow_pagination swiper-pagination swiper-pagination-white\"><\/div><\/div><\/div>\n\n\n\n<p>La apertura oficial ser\u00e1 este viernes 19 de marzo, solo para los artistas y una reducida lista de invitados, acorde al protocolo sanitario vigente. Luego, desde el lunes 22, se podr\u00e1n visitar las muestras de forma espont\u00e1nea, de lunes a viernes de 17 a 21hs.&nbsp;<\/p>\n\n\n\n<p>As\u00ed mismo, la Sala Chapitel comunica que, durante el mes de abril, el horario de visitas ser\u00e1 de 16 a 20hs.<\/p>\n\n\n\n<p><strong>Sobre la exposici\u00f3n:<\/strong><\/p>\n\n\n\n<p><strong>Camila Calderoni<\/strong> (SMA) en LA ESPESURA DEL SILENCIO habla de un encuentro con el cuerpo tangible a la mirada que juega en la penumbra.<\/p>\n\n\n\n<p><strong>Marianela Mu\u00f1iz <\/strong>(CABA) en ESCOMBRO RESIDUAL tiende met\u00e1foras entre la construcci\u00f3n y destrucci\u00f3n de las urbes y las adaptaciones forzadas de los cuerpos que las habitan.<\/p>\n\n\n\n<p><strong>Diego Olmos<\/strong> (Bs. As.) elije se\u00f1alar en su producci\u00f3n&nbsp; EDENES LINDANTES AL GRIS MEDIO los territorios aleda\u00f1os a los sistemas de autopistas como bordes donde la presencia humana pareciera no existir pero su huella siempre puede estar all\u00ed.<\/p>\n","protected":false},"excerpt":{"rendered":"<p>A partir del pr\u00f3ximo lunes 22 de marzo, estar\u00e1 disponible para la visita del p\u00fablico, la nueva exposici\u00f3n fotogr\u00e1fica que re\u00fane a tres artistas y sus miradas particulares sobre el cuerpo y las urbes.  <a href=\"https:\/\/cultura.sma.gob.ar\/?p=1301\" class=\"more-link\">Continue reading <span class=\"screen-reader-text\">Tres muestras fotogr\u00e1ficas conviven en la nueva exposici\u00f3n de la Sala Chapitel<\/span><\/a><\/p>\n","protected":false},"author":1,"featured_media":295,"comment_status":"closed","ping_status":"","sticky":false,"template":"","format":"image","meta":{"footnotes":""},"categories":[6,9],"tags":[],"class_list":["post-1301","post","type-post","status-publish","format-image","has-post-thumbnail","hentry","category-sala-lidaura-chapitel","category-ultimas-noticias","post_format-post-format-image"],"_links":{"self":[{"href":"https:\/\/cultura.sma.gob.ar\/index.php?rest_route=\/wp\/v2\/posts\/1301","targetHints":{"allow":["GET"]}}],"collection":[{"href":"https:\/\/cultura.sma.gob.ar\/index.php?rest_route=\/wp\/v2\/posts"}],"about":[{"href":"https:\/\/cultura.sma.gob.ar\/index.php?rest_route=\/wp\/v2\/types\/post"}],"author":[{"embeddable":true,"href":"https:\/\/cultura.sma.gob.ar\/index.php?rest_route=\/wp\/v2\/users\/1"}],"replies":[{"embeddable":true,"href":"https:\/\/cultura.sma.gob.ar\/index.php?rest_route=%2Fwp%2Fv2%2Fcomments&post=1301"}],"version-history":[{"count":2,"href":"https:\/\/cultura.sma.gob.ar\/index.php?rest_route=\/wp\/v2\/posts\/1301\/revisions"}],"predecessor-version":[{"id":1340,"href":"https:\/\/cultura.sma.gob.ar\/index.php?rest_route=\/wp\/v2\/posts\/1301\/revisions\/1340"}],"wp:featuredmedia":[{"embeddable":true,"href":"https:\/\/cultura.sma.gob.ar\/index.php?rest_route=\/wp\/v2\/media\/295"}],"wp:attachment":[{"href":"https:\/\/cultura.sma.gob.ar\/index.php?rest_route=%2Fwp%2Fv2%2Fmedia&parent=1301"}],"wp:term":[{"taxonomy":"category","embeddable":true,"href":"https:\/\/cultura.sma.gob.ar\/index.php?rest_route=%2Fwp%2Fv2%2Fcategories&post=1301"},{"taxonomy":"post_tag","embeddable":true,"href":"https:\/\/cultura.sma.gob.ar\/index.php?rest_route=%2Fwp%2Fv2%2Ftags&post=1301"}],"curies":[{"name":"wp","href":"https:\/\/api.w.org\/{rel}","templated":true}]}}