{"id":1296,"date":"2021-03-15T16:16:15","date_gmt":"2021-03-15T19:16:15","guid":{"rendered":"http:\/\/cultura.sma.gob.ar\/?p=1296"},"modified":"2021-03-15T16:16:15","modified_gmt":"2021-03-15T19:16:15","slug":"nuevo-taller-de-canto-en-el-centro-cultural-cotesma","status":"publish","type":"post","link":"https:\/\/cultura.sma.gob.ar\/?p=1296","title":{"rendered":"Nuevo taller de canto en el Centro Cultural Cotesma"},"content":{"rendered":"\n<figure class=\"wp-block-image size-large\"><img loading=\"lazy\" decoding=\"async\" width=\"530\" height=\"750\" src=\"http:\/\/cultura.sma.gob.ar\/wp-content\/uploads\/2021\/03\/FLYER-clases-de-canto-aye-jpg-1.jpg\" alt=\"\" class=\"wp-image-1297\" srcset=\"https:\/\/cultura.sma.gob.ar\/wp-content\/uploads\/2021\/03\/FLYER-clases-de-canto-aye-jpg-1.jpg 530w, https:\/\/cultura.sma.gob.ar\/wp-content\/uploads\/2021\/03\/FLYER-clases-de-canto-aye-jpg-1-212x300.jpg 212w, https:\/\/cultura.sma.gob.ar\/wp-content\/uploads\/2021\/03\/FLYER-clases-de-canto-aye-jpg-1-64x90.jpg 64w\" sizes=\"auto, (max-width: 530px) 100vw, 530px\" \/><\/figure>\n\n\n\n<p>En el mes de abril se suma una nueva propuesta a nuestra grilla de talleres anuales. Ayel\u00e9n Mart\u00ednez coordina el Taller grupal presencial de \u201cEXPLORACI\u00d3N SENSIBLE DE LA VOZ\u201d<\/p>\n\n\n\n<p><strong>Propuesta:&nbsp;<\/strong>La&nbsp;<em>exploraci\u00f3n sensible de la voz&nbsp;<\/em>es una invitaci\u00f3n de espacio\/taller para abrir las muchas posibilidades de la voz cantada y conectar o reconectar con esa herramienta de expresi\u00f3n. Parte de la investigaci\u00f3n, creaci\u00f3n que permite este instrumento, en conexi\u00f3n con el cuerpo.<\/p>\n\n\n\n<p>Clase a clase se propondr\u00e1n ejes de trabajo relacionados a la voz que gu\u00eden la experiencia y ampl\u00eden la escucha de lo que pasa en el cuerpo (incluso de sus transformaciones) y de qu\u00e9 formas podemos potenciar y posibilitar el sonido propio y en los mundos sonoros que podemos crear con otras\/otros.<\/p>\n\n\n\n<p>La voz como puente del trabajo corporal, el juego, el encuentro grupal y el intercambio en la experiencia colectiva.<\/p>\n\n\n\n<p><strong>Algunos disparadores\/ejes:<br><\/strong><strong>Voz y apertura:&nbsp;<\/strong>instrumento genuino de expresi\u00f3n que se vincula a otros aspectos emocionales del decir.<br><strong>Cuerpo y voz:&nbsp;<\/strong>Integraci\u00f3n del canto al movimiento f\u00edsico y a la percepci\u00f3n corporal. Zonas del cuerpo que ayudan a la exploraci\u00f3n.<br><strong>Voz en movimiento:&nbsp;<\/strong>Exploraci\u00f3n y calidades de energ\u00eda y movimiento en el espacio.<br><strong>Voz y registros:&nbsp;<\/strong>Respiraci\u00f3n y calidades de sonidos desde los juegos y la sensibilidad de la escucha.<br><strong>Voz y comunicaci\u00f3n<\/strong>. La poes\u00eda, la palabra, lo que expreso y lo que quiero transmitir (desde el mensaje y desde la personificaci\u00f3n).<br><strong>Las voces y los territorios:&nbsp;<\/strong>Investigaci\u00f3n de otros cantos y otras posibilidades para ampliar la mirada.<br><strong>Creatividad&nbsp;<\/strong>a trav\u00e9s del sonido, la palabra y el movimiento. Improvisaci\u00f3n y cocreaci\u00f3n.<\/p>\n\n\n\n<p><em>No est\u00e1 espec\u00edficamente destinado al acompa\u00f1amiento personalizado de la voz y un instrumento&nbsp;<\/em><em>musical, aunque sea algo que enriquezca, de seguro ese camino individual.<\/em><\/p>\n\n\n\n<p><strong>Destinatarios:&nbsp;<\/strong>personas con inter\u00e9s en explorar esta herramienta, con o sin experiencia previa.<br><strong>Modalidad:&nbsp;<\/strong>El taller es presencial cumpliendo con los protocolos correspondientes, y se dar\u00e1 una vez a la semana, cada s\u00e1bado, con una duraci\u00f3n es de 1.30 hs. Comienza a<\/p>\n\n\n\n<p>El taller contar\u00e1 con invitados e invitadas que vengan a convidarnos de sus otras experiencias art\u00edsticas, de la voz, compositivas o del cuerpo seg\u00fan sus trayectorias.<\/p>\n\n\n\n<p>El taller tendr\u00e1 no excluyente, un convite colectivo de fin de a\u00f1o abierto a la comunidad si el grupo lo siente y lo desea, donde compartir trabajos individuales y\/o colectivos que hayan surgido durante el a\u00f1o (lugar a definir a fin de a\u00f1o).<\/p>\n\n\n\n<p>Cupo reducido de: 9 personas<\/p>\n\n\n\n<p><strong>Inicio:&nbsp;<\/strong>El taller comienza la primera semana de ABRIL.<\/p>\n\n\n\n<p><strong>Retribuci\u00f3n:&nbsp;<\/strong>El taller tiene un costo de $3000 mensual. Se solicita abonar del 1 al 10 de cada mes. En el caso del primer mes, antes de comenzar a modo de confirmaci\u00f3n.<\/p>\n\n\n\n<p>Para confirmar se solicita:<br>Efectuar el pago.<br>Llenar formulario https:\/\/forms.gle\/C4PwPaub5JWhqxdv7<\/p>\n\n\n\n<p>Como respuesta recibir\u00e1s un mail de CONFIRMACI\u00d3N y d\u00edas previos al inicio recibir\u00e1s todos los datos necesarios para el encuentro.<\/p>\n\n\n\n<p>Las opciones de intercambio de dinero no son excluyentes para quien precise charlar la situaci\u00f3n.<\/p>\n\n\n\n<p><strong>Peque\u00f1a bio:&nbsp;<\/strong>Me atraviesa la b\u00fasqueda propia y colectiva de la voz cantada desde hace diez a\u00f1os con m\u00e1s fuerza. Fui descubriendo en coros, bandas de cumbia y folklore, y cantando con la caja, que es enorme su campo de estudio, de goce, de comuni\u00f3n, creaci\u00f3n y de expresi\u00f3n, y es algo que creo siempre permanece abierto y permeable. Estudi\u00e9 canto en La Plata y Bs. As. de manera particular y en seminarios y talleres grupales. Leda Valladares, Sandra Amaya son algunas de las investigadoras y cantoras que gu\u00edan la experiencia. Algo de mi profesi\u00f3n como cantora y antrop\u00f3loga siempre est\u00e1 buscando que la voz tambi\u00e9n se conecte con el territorio, con el cuerpo, y con lo que se tiene para decir, sin exclusi\u00f3n ni juicio.<\/p>\n\n\n\n<p>Para cualquier otra duda no duden en consultar al mail&nbsp;<strong>aye.martinezmar@gmail.com<\/strong><\/p>\n","protected":false},"excerpt":{"rendered":"<p>Desde abril, todos los s\u00e1bados, coordinado por Ayel\u00e9n Mart\u00ednez. <a href=\"https:\/\/cultura.sma.gob.ar\/?p=1296\" class=\"more-link\">Continue reading <span class=\"screen-reader-text\">Nuevo taller de canto en el Centro Cultural Cotesma<\/span><\/a><\/p>\n","protected":false},"author":1,"featured_media":297,"comment_status":"closed","ping_status":"","sticky":false,"template":"","format":"image","meta":{"footnotes":""},"categories":[2,9],"tags":[],"class_list":["post-1296","post","type-post","status-publish","format-image","has-post-thumbnail","hentry","category-ciudad-cultural","category-ultimas-noticias","post_format-post-format-image"],"_links":{"self":[{"href":"https:\/\/cultura.sma.gob.ar\/index.php?rest_route=\/wp\/v2\/posts\/1296","targetHints":{"allow":["GET"]}}],"collection":[{"href":"https:\/\/cultura.sma.gob.ar\/index.php?rest_route=\/wp\/v2\/posts"}],"about":[{"href":"https:\/\/cultura.sma.gob.ar\/index.php?rest_route=\/wp\/v2\/types\/post"}],"author":[{"embeddable":true,"href":"https:\/\/cultura.sma.gob.ar\/index.php?rest_route=\/wp\/v2\/users\/1"}],"replies":[{"embeddable":true,"href":"https:\/\/cultura.sma.gob.ar\/index.php?rest_route=%2Fwp%2Fv2%2Fcomments&post=1296"}],"version-history":[{"count":1,"href":"https:\/\/cultura.sma.gob.ar\/index.php?rest_route=\/wp\/v2\/posts\/1296\/revisions"}],"predecessor-version":[{"id":1298,"href":"https:\/\/cultura.sma.gob.ar\/index.php?rest_route=\/wp\/v2\/posts\/1296\/revisions\/1298"}],"wp:featuredmedia":[{"embeddable":true,"href":"https:\/\/cultura.sma.gob.ar\/index.php?rest_route=\/wp\/v2\/media\/297"}],"wp:attachment":[{"href":"https:\/\/cultura.sma.gob.ar\/index.php?rest_route=%2Fwp%2Fv2%2Fmedia&parent=1296"}],"wp:term":[{"taxonomy":"category","embeddable":true,"href":"https:\/\/cultura.sma.gob.ar\/index.php?rest_route=%2Fwp%2Fv2%2Fcategories&post=1296"},{"taxonomy":"post_tag","embeddable":true,"href":"https:\/\/cultura.sma.gob.ar\/index.php?rest_route=%2Fwp%2Fv2%2Ftags&post=1296"}],"curies":[{"name":"wp","href":"https:\/\/api.w.org\/{rel}","templated":true}]}}