{"id":1288,"date":"2021-03-11T21:56:37","date_gmt":"2021-03-12T00:56:37","guid":{"rendered":"http:\/\/cultura.sma.gob.ar\/?p=1288"},"modified":"2021-03-11T21:56:37","modified_gmt":"2021-03-12T00:56:37","slug":"presentacion-del-libro-el-hombre-del-sombrero-de-fieltro","status":"publish","type":"post","link":"https:\/\/cultura.sma.gob.ar\/?p=1288","title":{"rendered":"Presentaci\u00f3n del libro &#8220;El hombre del sombrero de fieltro&#8221;"},"content":{"rendered":"\n<figure class=\"wp-block-image size-large\"><img loading=\"lazy\" decoding=\"async\" width=\"1024\" height=\"1024\" src=\"http:\/\/cultura.sma.gob.ar\/wp-content\/uploads\/2021\/03\/WhatsApp-Image-2021-03-08-at-6.58.59-PM-1024x1024.jpeg\" alt=\"\" class=\"wp-image-1289\" srcset=\"https:\/\/cultura.sma.gob.ar\/wp-content\/uploads\/2021\/03\/WhatsApp-Image-2021-03-08-at-6.58.59-PM-1024x1024.jpeg 1024w, https:\/\/cultura.sma.gob.ar\/wp-content\/uploads\/2021\/03\/WhatsApp-Image-2021-03-08-at-6.58.59-PM-300x300.jpeg 300w, https:\/\/cultura.sma.gob.ar\/wp-content\/uploads\/2021\/03\/WhatsApp-Image-2021-03-08-at-6.58.59-PM-150x150.jpeg 150w, https:\/\/cultura.sma.gob.ar\/wp-content\/uploads\/2021\/03\/WhatsApp-Image-2021-03-08-at-6.58.59-PM-768x768.jpeg 768w, https:\/\/cultura.sma.gob.ar\/wp-content\/uploads\/2021\/03\/WhatsApp-Image-2021-03-08-at-6.58.59-PM-90x90.jpeg 90w, https:\/\/cultura.sma.gob.ar\/wp-content\/uploads\/2021\/03\/WhatsApp-Image-2021-03-08-at-6.58.59-PM.jpeg 1080w\" sizes=\"auto, (max-width: 1024px) 100vw, 1024px\" \/><figcaption>Los esperamos el LUNES 15 DE MARZO a las 19 HS, en Bar de tapas, quienes van a ofrecer un men\u00fa especial, junto a\u00a0Gustavo Tustanoski, cantautor del grupo Alas 440, que nos va a acompa\u00f1ar con su guitarra.<br>\u00a0<br><strong>Biograf\u00eda<\/strong>\u00a0<br>Jorge N. M\u00e1rquez naci\u00f3 en 1957 en Toay, un peque\u00f1o pueblo de La Pampa. A la semana, junto a su madre adoptiva, se fueron a vivir a Buenos Aires. Creci\u00f3 en el barrio de Floresta, escenario de varias de sus historias. Estudi\u00f3 en el Nacional Urquiza de Flores y se licenci\u00f3 en Enfermer\u00eda en la UBA; con los a\u00f1os obtuvo un segundo t\u00edtulo universitario: Especialista en Salud P\u00fablica, en la Universidad del Comahue.<br>Por la necesidad de darle una vida m\u00e1s tranquila a su familia, en 1986 se mudaron a San Mart\u00edn de los Andes donde vive actualmente. Aqu\u00ed se destac\u00f3 como Jefe de Enfermer\u00eda en el Hospital Dr. Ram\u00f3n Carillo, coordinador de Enfermer\u00eda en la Jefatura Zonal, Jefe de Zona Sanitaria subrogante. Al mismo tiempo, colabor\u00f3 en comisiones de cooperadoras, en la Asociaci\u00f3n de Bomberos voluntarios, fue presidente de la cooperativa de agua y tesorero en la Biblioteca Popular 9 de Julio.<br>Hoy en d\u00eda, disfruta de su jubilaci\u00f3n y pasa las horas acompa\u00f1ado de su esposa, nietas, hijos, lectura y escritura.<br>En el 2018, en el concurso literario \u00abM\u00e1s de mil palabras\u00bb coordinado por el CEM recibi\u00f3 el primer premio y una menci\u00f3n por dos de sus obras; ese mismo a\u00f1o, la historia \u00abLa grieta\u00bb, fue preseleccionada en el concurso \u00abCuenta Buenos Aires\u00bb, y en 2019, en el concurso literario \u00abCuentan las monta\u00f1as\u00bb del CEM, recibi\u00f3 una nueva menci\u00f3n por el cuento \u00abSolo un click\u00bb.<br>\u00a0<br><strong>El hombre del sombrero de fieltro &#8211; colecci\u00f3n de cuentos &#8211;\u00a0<\/strong><br>En\u00a0<em>El hombre del sombrero de fieltro<\/em>\u00a0nos encontramos con historias duras, de muertes, de dolor, sangre y gritos de desesperaci\u00f3n\u2026 Relatos cubiertos por una sombra que presagia lo peor. Sin embargo, m\u00e1s all\u00e1 de la atm\u00f3sfera siniestra que envuelve algunas de las historias, cual r\u00edo subterr\u00e1neo que corre a contracorriente de la marea superficial, otra fuerza se evidencia brindado un equilibrio, en los cuentos m\u00e1s intimistas, m\u00e1s cercanos al escritor real, aparece el tema del Amor, el verdadero, el que todo lo sostiene, el que es refugio, el que brinda la energ\u00eda vivificadora.<br>Jorge N. M\u00e1rquez se descubri\u00f3 a s\u00ed mismo escritor en la segunda etapa de su vida, una vez que lleg\u00f3 el momento de jubilarse, dar un paso al costado, luego de haber brindado tanto al sistema de salud de la localidad y la regi\u00f3n. Ya en su casa, siempre acompa\u00f1ado por su familia, se encontr\u00f3 en la tranquilidad del valle de Meliquina, rodeado por monta\u00f1as y murmullo del r\u00edo corriendo a su lado y empez\u00f3 a escribir un sinf\u00edn de historias. All\u00ed estaban ellas, como esperando a que por fin les dedicara ese tiempo.<br>Entonces, resuena la idea del ave f\u00e9nix que debe dejar de ser para renacer, que se incinera a s\u00ed mismo para resurgir de las cenizas.<br>Nace, con este libro, un nuevo Jorge Norberto M\u00e1rquez: el escritor.<\/figcaption><\/figure>\n","protected":false},"excerpt":{"rendered":"<p> <a href=\"https:\/\/cultura.sma.gob.ar\/?p=1288\" class=\"more-link\">Continue reading <span class=\"screen-reader-text\">Presentaci\u00f3n del libro &#8220;El hombre del sombrero de fieltro&#8221;<\/span><\/a><\/p>\n","protected":false},"author":1,"featured_media":297,"comment_status":"closed","ping_status":"","sticky":false,"template":"","format":"image","meta":{"footnotes":""},"categories":[2,9],"tags":[],"class_list":["post-1288","post","type-post","status-publish","format-image","has-post-thumbnail","hentry","category-ciudad-cultural","category-ultimas-noticias","post_format-post-format-image"],"_links":{"self":[{"href":"https:\/\/cultura.sma.gob.ar\/index.php?rest_route=\/wp\/v2\/posts\/1288","targetHints":{"allow":["GET"]}}],"collection":[{"href":"https:\/\/cultura.sma.gob.ar\/index.php?rest_route=\/wp\/v2\/posts"}],"about":[{"href":"https:\/\/cultura.sma.gob.ar\/index.php?rest_route=\/wp\/v2\/types\/post"}],"author":[{"embeddable":true,"href":"https:\/\/cultura.sma.gob.ar\/index.php?rest_route=\/wp\/v2\/users\/1"}],"replies":[{"embeddable":true,"href":"https:\/\/cultura.sma.gob.ar\/index.php?rest_route=%2Fwp%2Fv2%2Fcomments&post=1288"}],"version-history":[{"count":1,"href":"https:\/\/cultura.sma.gob.ar\/index.php?rest_route=\/wp\/v2\/posts\/1288\/revisions"}],"predecessor-version":[{"id":1290,"href":"https:\/\/cultura.sma.gob.ar\/index.php?rest_route=\/wp\/v2\/posts\/1288\/revisions\/1290"}],"wp:featuredmedia":[{"embeddable":true,"href":"https:\/\/cultura.sma.gob.ar\/index.php?rest_route=\/wp\/v2\/media\/297"}],"wp:attachment":[{"href":"https:\/\/cultura.sma.gob.ar\/index.php?rest_route=%2Fwp%2Fv2%2Fmedia&parent=1288"}],"wp:term":[{"taxonomy":"category","embeddable":true,"href":"https:\/\/cultura.sma.gob.ar\/index.php?rest_route=%2Fwp%2Fv2%2Fcategories&post=1288"},{"taxonomy":"post_tag","embeddable":true,"href":"https:\/\/cultura.sma.gob.ar\/index.php?rest_route=%2Fwp%2Fv2%2Ftags&post=1288"}],"curies":[{"name":"wp","href":"https:\/\/api.w.org\/{rel}","templated":true}]}}