{"id":1275,"date":"2021-03-09T17:32:47","date_gmt":"2021-03-09T20:32:47","guid":{"rendered":"http:\/\/cultura.sma.gob.ar\/?p=1275"},"modified":"2021-03-09T17:32:47","modified_gmt":"2021-03-09T20:32:47","slug":"100-anos-de-piazzolla-concierto-de-mandinga","status":"publish","type":"post","link":"https:\/\/cultura.sma.gob.ar\/?p=1275","title":{"rendered":"100 a\u00f1os de Piazzolla. Concierto de Mandinga."},"content":{"rendered":"\n<figure class=\"wp-block-image size-large\"><img loading=\"lazy\" decoding=\"async\" width=\"859\" height=\"1024\" src=\"http:\/\/cultura.sma.gob.ar\/wp-content\/uploads\/2021\/03\/Mandinga-Flyer-100-Anos-Piazzolla-859x1024.jpg\" alt=\"\" class=\"wp-image-1276\" srcset=\"https:\/\/cultura.sma.gob.ar\/wp-content\/uploads\/2021\/03\/Mandinga-Flyer-100-Anos-Piazzolla-859x1024.jpg 859w, https:\/\/cultura.sma.gob.ar\/wp-content\/uploads\/2021\/03\/Mandinga-Flyer-100-Anos-Piazzolla-252x300.jpg 252w, https:\/\/cultura.sma.gob.ar\/wp-content\/uploads\/2021\/03\/Mandinga-Flyer-100-Anos-Piazzolla-768x915.jpg 768w, https:\/\/cultura.sma.gob.ar\/wp-content\/uploads\/2021\/03\/Mandinga-Flyer-100-Anos-Piazzolla-76x90.jpg 76w, https:\/\/cultura.sma.gob.ar\/wp-content\/uploads\/2021\/03\/Mandinga-Flyer-100-Anos-Piazzolla.jpg 1074w\" sizes=\"auto, (max-width: 859px) 100vw, 859px\" \/><\/figure>\n\n\n\n<p>El pr\u00f3ximo jueves, 11 de marzo a las 21:30hs volvemos a compartir una noche especial en la Sala Amankay. Con motivo de los 100 a\u00f1os del natalicio del maestro Astor Piazzolla, \u201cMANDINGA\u201d realizar\u00e1 un concierto con entrada libre y gratuita a beneficio de la Escuela Rural N\u00b0155 del Paraje Pil Pil.<\/p>\n\n\n\n<p>Las entradas estar\u00e1n disponibles en la boleteria del Centro Cultural, desde el d\u00eda martes 09 de 18hs a 21hs, y el d\u00eda de la presentaci\u00f3n se solicita traer \u00fatiles escolares para la mencionada Instituci\u00f3n Educativa (Sugeridos: cuadernos, l\u00e1pices de colores, l\u00e1pices negros, hojas de carpeta A3, reglas, escuadras, compases, boligomas, gomas de borrar, separadores para carpeta, t\u00e9mperas, cartulinas y afiches).<\/p>\n\n\n\n<p>Las entradas son limitadas (Se entregar\u00e1n un m\u00e1ximo de 5 por persona) debido a los protocolos sanitarios vigentes.<\/p>\n\n\n\n<p>En este a\u00f1o 2021 el objetivo de \u201cMandinga\u201d en los 100 a\u00f1os de Piazzolla es llevar su m\u00fasica desde San Martin de los Andes al pa\u00eds, haciendo im\u00e1genes de lugares emblem\u00e1ticos de nuestra Argentina interpretando su m\u00fasica.<\/p>\n\n\n\n<p><br>Somos Mandinga:<br>\u00b7 Sebasti\u00e1n Cenzano en Piano<br>\u00b7 Fernando Formigo en Quena<br>\u00b7 Mat\u00edas Quirno Costa en Producci\u00f3n Visual<br>\u00b7 Ra\u00fal Pina en Sonido<br>\u00b7 Emmanuel Videla en Producci\u00f3n Audiovisual.<\/p>\n\n\n\n<p><br>Rese\u00f1a musical:<br><em>Mandinga<\/em>&nbsp;es un d\u00fao que reside en San Mart\u00edn de los Andes (Neuqu\u00e9n Argentina) formado por Fernando Formigo en Quena y Sebasti\u00e1n Cenzano en Piano (ambos docentes de la Escuela Superior de M\u00fasica San Mart\u00edn de los Andes). Abordan un repertorio de m\u00fasica popular argentina, pero sobre todo la m\u00fasica del Maestro Astor Piazzolla, y de este \u00faltimo piezas con poca difusi\u00f3n. Hace m\u00e1s de 2 a\u00f1os que trabajan en empoderar la Quena americana, maravilloso instrumento, llev\u00e1ndola a un desarrollo t\u00e9cnico y expresivo incorporando improvisaciones en g\u00e9neros que son poco convencionales para dicho instrumento, ensambl\u00e1ndolo con un emblem\u00e1tico instrumento como es el piano cl\u00e1sico.<br>Ya han realizado varias presentaciones en la zona, dejando su impronta, convocados para representar a Argentina en el: -III Festival Internacional de Quenistas en Paris Francia, junio del 2019, -Festival Internacional de Flautas del Mundo en Mendoza septiembre 2019, becados por el Fondo Nacional de las Artes -XII Encuentro Internacional de Quenistas, virtual 2020 Lima-Per\u00fa.<br>Adem\u00e1s, han realizado dos videos con el apoyo del INAMU (instituto nacional de la m\u00fasica) que se pueden ver en su canal de youtube:&nbsp;<a href=\"https:\/\/correo.smandes.gov.ar\/owa\/redir.aspx?C=410cf4c0cd774fdc87363704e5e9e2df&amp;URL=https%3a%2f%2fwww.youtube.com%2fchannel%2fUC_E-OuF8HtlHCd_XuVVZKmw\" target=\"_blank\" rel=\"noreferrer noopener\">https:\/\/www.youtube.com\/channel\/UC_E-OuF8HtlHCd_XuVVZKmw<\/a><br><br>Durante el periodo de pandemia,&nbsp;<em>Mandinga<\/em>&nbsp;ha recorrido los hospitales de la regi\u00f3n de los lagos, (Jun\u00edn de los Andes, San Martin de los Andes y Villa la Angostura), tocando para los trabajadores de la salud, y las personas que se encuentran internadas.<br><br>Este evento cuenta con el apoyo de: -Centro Cultural Cotesma -Ministerio de las Culturas de la Provincia del Neuqu\u00e9n -Mu.Sa Musiques Sanmartinenses<\/p>\n\n\n\n<p>Les recordamos que son vacantes limitadas, por lo que, en caso de que hayan retirado entradas y no puedan asistir, les solicitamos acercar la misma para poder habilitar el cupo.<\/p>\n\n\n\n<p>Seguilos en redes:&nbsp;<a href=\"https:\/\/correo.smandes.gov.ar\/owa\/redir.aspx?C=410cf4c0cd774fdc87363704e5e9e2df&amp;URL=https%3a%2f%2fwww.facebook.com%2fMandingaquenaypiano%2f\" target=\"_blank\" rel=\"noreferrer noopener\">https:\/\/www.facebook.com\/Mandingaquenaypiano\/<\/a><\/p>\n","protected":false},"excerpt":{"rendered":"<p>El pr\u00f3ximo jueves, 11 de marzo a las 21:30hs volvemos a compartir una noche especial en la Sala Amankay. Con motivo de los 100 a\u00f1os del natalicio del maestro Astor Piazzolla, \u201cMANDINGA\u201d realizar\u00e1 un concierto con entrada libre y gratuita a beneficio de la Escuela Rural N\u00b0155 del Paraje Pil Pil. Las entradas estar\u00e1n disponibles en la boleteria del Centro Cultural, desde el d\u00eda martes &hellip; <a href=\"https:\/\/cultura.sma.gob.ar\/?p=1275\" class=\"more-link\">Continue reading <span class=\"screen-reader-text\">100 a\u00f1os de Piazzolla. Concierto de Mandinga.<\/span><\/a><\/p>\n","protected":false},"author":1,"featured_media":297,"comment_status":"closed","ping_status":"","sticky":false,"template":"","format":"image","meta":{"footnotes":""},"categories":[2,9],"tags":[],"class_list":["post-1275","post","type-post","status-publish","format-image","has-post-thumbnail","hentry","category-ciudad-cultural","category-ultimas-noticias","post_format-post-format-image"],"_links":{"self":[{"href":"https:\/\/cultura.sma.gob.ar\/index.php?rest_route=\/wp\/v2\/posts\/1275","targetHints":{"allow":["GET"]}}],"collection":[{"href":"https:\/\/cultura.sma.gob.ar\/index.php?rest_route=\/wp\/v2\/posts"}],"about":[{"href":"https:\/\/cultura.sma.gob.ar\/index.php?rest_route=\/wp\/v2\/types\/post"}],"author":[{"embeddable":true,"href":"https:\/\/cultura.sma.gob.ar\/index.php?rest_route=\/wp\/v2\/users\/1"}],"replies":[{"embeddable":true,"href":"https:\/\/cultura.sma.gob.ar\/index.php?rest_route=%2Fwp%2Fv2%2Fcomments&post=1275"}],"version-history":[{"count":1,"href":"https:\/\/cultura.sma.gob.ar\/index.php?rest_route=\/wp\/v2\/posts\/1275\/revisions"}],"predecessor-version":[{"id":1277,"href":"https:\/\/cultura.sma.gob.ar\/index.php?rest_route=\/wp\/v2\/posts\/1275\/revisions\/1277"}],"wp:featuredmedia":[{"embeddable":true,"href":"https:\/\/cultura.sma.gob.ar\/index.php?rest_route=\/wp\/v2\/media\/297"}],"wp:attachment":[{"href":"https:\/\/cultura.sma.gob.ar\/index.php?rest_route=%2Fwp%2Fv2%2Fmedia&parent=1275"}],"wp:term":[{"taxonomy":"category","embeddable":true,"href":"https:\/\/cultura.sma.gob.ar\/index.php?rest_route=%2Fwp%2Fv2%2Fcategories&post=1275"},{"taxonomy":"post_tag","embeddable":true,"href":"https:\/\/cultura.sma.gob.ar\/index.php?rest_route=%2Fwp%2Fv2%2Ftags&post=1275"}],"curies":[{"name":"wp","href":"https:\/\/api.w.org\/{rel}","templated":true}]}}