{"id":1264,"date":"2021-03-09T17:04:12","date_gmt":"2021-03-09T20:04:12","guid":{"rendered":"http:\/\/cultura.sma.gob.ar\/?p=1264"},"modified":"2021-03-09T17:07:53","modified_gmt":"2021-03-09T20:07:53","slug":"20-festival-estival-de-san-martin-de-los-andes","status":"publish","type":"post","link":"https:\/\/cultura.sma.gob.ar\/?p=1264","title":{"rendered":"20 Festival Estival de San  Mart\u00edn de los Andes"},"content":{"rendered":"\n<figure class=\"wp-block-image size-large\"><img loading=\"lazy\" decoding=\"async\" width=\"509\" height=\"720\" src=\"http:\/\/cultura.sma.gob.ar\/wp-content\/uploads\/2021\/03\/20-Festival-Estival.jpg\" alt=\"\" class=\"wp-image-1265\" srcset=\"https:\/\/cultura.sma.gob.ar\/wp-content\/uploads\/2021\/03\/20-Festival-Estival.jpg 509w, https:\/\/cultura.sma.gob.ar\/wp-content\/uploads\/2021\/03\/20-Festival-Estival-212x300.jpg 212w, https:\/\/cultura.sma.gob.ar\/wp-content\/uploads\/2021\/03\/20-Festival-Estival-64x90.jpg 64w\" sizes=\"auto, (max-width: 509px) 100vw, 509px\" \/><figcaption><strong>10\u00a0Obras,\u00a015\u00a0Funciones<\/strong><br><strong>Todas PRESENCIALES y a la GORRA<\/strong><br><strong>\u00a0<\/strong><br>Las funciones son a la\u00a0<strong>GORRA<\/strong>, pero como el espacio es limitado,\u00a0<strong>las localidades se repartir\u00e1n el d\u00eda de la funci\u00f3n, en cada sala desde las 17 hs<\/strong>\u00a0(solo las de ese d\u00eda \u00a0y hasta 4 por persona).<br>La capacidad de las salas es muy limitada ya que se cumple con el protocolo COVID para espacios cerrados con espect\u00e1culos en vivo. Nos cuidarmos, te cuidamos,\u00a0 para que podamos disfrutar del TEATRO PRESENCIAL<br><strong>Lugares donde ocurren las obras y talleres<\/strong><br><strong>Teatro San Jos\u00e9:<\/strong>\u00a0Cap. Drury 750<br><strong>Centro Cultural COTESMA:<\/strong>\u00a0Gral Roca 1150<br><br><strong><span style=\"text-decoration: underline;\">Agenda del 10 al 14 de\u00a0Marzo 2021<\/span><\/strong><br>\u00a0<br><strong><span style=\"text-decoration: underline;\">Mi\u00e9rcoles 10\u00a0de\u00a0Marzo<\/span><\/strong><br><br><strong>9:30 a 12:30\u00a0hs\u00a0\/\u00a0QR QUIERO RELATO<\/strong><br>Lugar: Recorrido por la ciudad<br>10 puntos de la ciudad (ver mapa en la solapa QR)<br>\u00a0<br><strong>18:30\u00a0hs\u00a0\/\u00a0POSTA<\/strong><br>Lugar: Gral. Roca al 0<br>\u00a0<br><strong>20:00\u00a0hs\u00a0\/\u00a0PRUEBA PILOTO<\/strong><br>Lugar:\u00a0Av. San Mart\u00edn 950<br>\u00a0<br><strong>22:00\u00a0hs\u00a0\/\u00a0SEIS<\/strong><br>Lugar:\u00a0Centro Cultural COTESMA<br><br><strong><span style=\"text-decoration: underline;\">Jueves 11\u00a0de\u00a0Marzo<\/span><\/strong><br>\u00a0<br><strong>18:30\u00a0hs\u00a0\/\u00a0POSTA<\/strong><br>Lugar:\u00a0Gral. Roca al 0<br>\u00a0<br><strong>20:00\u00a0hs\u00a0\/\u00a0LAS NOS<\/strong><br>Lugar:\u00a0Teatro San Jos\u00e9\u00a0<br>\u00a0<br><strong><span style=\"text-decoration: underline;\">Viernes 12\u00a0de\u00a0Marzo<\/span><\/strong><br>\u00a0<br><strong>18:30\u00a0hs\u00a0\/<\/strong>\u00a0<strong>POSTA<\/strong><br>Lugar:\u00a0Gral. Roca al 0<br>\u00a0<br><strong>20:00\u00a0hs\u00a0\/\u00a0FUEGO LIBRE<\/strong><br>Lugar:\u00a0Teatro San Jos\u00e9<br>\u00a0<br><strong>22:00\u00a0hs\u00a0\/\u00a0HIJO DEL CAMPO<\/strong><br>Lugar:\u00a0Centro Cultural COTESMA<br><br><strong><span style=\"text-decoration: underline;\">S\u00e1bado 13\u00a0de\u00a0Marzo<\/span><\/strong><br>\u00a0<br><strong>18:30\u00a0hs\u00a0\/<\/strong>\u00a0<strong>POSTA<\/strong><br>Lugar:\u00a0Gral. Roca al 0<br>\u00a0<br><strong>20:00\u00a0hs\u00a0\/<\/strong>\u00a0<strong>BEYA DURMIENTE (DJ BEYA)<\/strong><br>Lugar:\u00a0Centro Cultural COTESMA<br>\u00a0<br><strong>22:00\u00a0hs\u00a0\/\u00a0BEYA DURMIENTE (DJ BEYA)<\/strong><br>Lugar:\u00a0Centro Cultural COTESMA<br><br><strong><span style=\"text-decoration: underline;\">Domingo 14 de Marzo<\/span><\/strong><br>\u00a0<br><strong>18:30\u00a0hs\u00a0\/<\/strong>\u00a0<strong>POSTA<\/strong><br>Lugar:\u00a0Gral. Roca al 0<br>\u00a0<br><strong>20:00\u00a0hs\u00a0\/<\/strong>\u00a0<strong>REPETIR HASTA DISOLVER<\/strong><br>Lugar:\u00a0Teatro San Jos\u00e9<br>\u00a0<br><strong>22:00\u00a0hs\u00a0\/\u00a0LA AURORA<\/strong><br>Lugar:\u00a0Centro Cultural COTESMA<\/figcaption><\/figure>\n","protected":false},"excerpt":{"rendered":"<p> <a href=\"https:\/\/cultura.sma.gob.ar\/?p=1264\" class=\"more-link\">Continue reading <span class=\"screen-reader-text\">20 Festival Estival de San  Mart\u00edn de los Andes<\/span><\/a><\/p>\n","protected":false},"author":1,"featured_media":297,"comment_status":"closed","ping_status":"","sticky":false,"template":"","format":"image","meta":{"footnotes":""},"categories":[2,9],"tags":[],"class_list":["post-1264","post","type-post","status-publish","format-image","has-post-thumbnail","hentry","category-ciudad-cultural","category-ultimas-noticias","post_format-post-format-image"],"_links":{"self":[{"href":"https:\/\/cultura.sma.gob.ar\/index.php?rest_route=\/wp\/v2\/posts\/1264","targetHints":{"allow":["GET"]}}],"collection":[{"href":"https:\/\/cultura.sma.gob.ar\/index.php?rest_route=\/wp\/v2\/posts"}],"about":[{"href":"https:\/\/cultura.sma.gob.ar\/index.php?rest_route=\/wp\/v2\/types\/post"}],"author":[{"embeddable":true,"href":"https:\/\/cultura.sma.gob.ar\/index.php?rest_route=\/wp\/v2\/users\/1"}],"replies":[{"embeddable":true,"href":"https:\/\/cultura.sma.gob.ar\/index.php?rest_route=%2Fwp%2Fv2%2Fcomments&post=1264"}],"version-history":[{"count":2,"href":"https:\/\/cultura.sma.gob.ar\/index.php?rest_route=\/wp\/v2\/posts\/1264\/revisions"}],"predecessor-version":[{"id":1267,"href":"https:\/\/cultura.sma.gob.ar\/index.php?rest_route=\/wp\/v2\/posts\/1264\/revisions\/1267"}],"wp:featuredmedia":[{"embeddable":true,"href":"https:\/\/cultura.sma.gob.ar\/index.php?rest_route=\/wp\/v2\/media\/297"}],"wp:attachment":[{"href":"https:\/\/cultura.sma.gob.ar\/index.php?rest_route=%2Fwp%2Fv2%2Fmedia&parent=1264"}],"wp:term":[{"taxonomy":"category","embeddable":true,"href":"https:\/\/cultura.sma.gob.ar\/index.php?rest_route=%2Fwp%2Fv2%2Fcategories&post=1264"},{"taxonomy":"post_tag","embeddable":true,"href":"https:\/\/cultura.sma.gob.ar\/index.php?rest_route=%2Fwp%2Fv2%2Ftags&post=1264"}],"curies":[{"name":"wp","href":"https:\/\/api.w.org\/{rel}","templated":true}]}}