{"id":1259,"date":"2021-03-04T17:42:41","date_gmt":"2021-03-04T20:42:41","guid":{"rendered":"http:\/\/cultura.sma.gob.ar\/?p=1259"},"modified":"2021-03-04T17:42:41","modified_gmt":"2021-03-04T20:42:41","slug":"mamiferas-cosmicas","status":"publish","type":"post","link":"https:\/\/cultura.sma.gob.ar\/?p=1259","title":{"rendered":"Mam\u00edferas c\u00f3smicas"},"content":{"rendered":"\n<figure class=\"wp-block-image size-large\"><img loading=\"lazy\" decoding=\"async\" width=\"1024\" height=\"765\" src=\"http:\/\/cultura.sma.gob.ar\/wp-content\/uploads\/2021\/03\/Mamiferas-Cosmicas-Flyer-1024x765.jpeg\" alt=\"\" class=\"wp-image-1260\" srcset=\"https:\/\/cultura.sma.gob.ar\/wp-content\/uploads\/2021\/03\/Mamiferas-Cosmicas-Flyer-1024x765.jpeg 1024w, https:\/\/cultura.sma.gob.ar\/wp-content\/uploads\/2021\/03\/Mamiferas-Cosmicas-Flyer-300x224.jpeg 300w, https:\/\/cultura.sma.gob.ar\/wp-content\/uploads\/2021\/03\/Mamiferas-Cosmicas-Flyer-768x574.jpeg 768w, https:\/\/cultura.sma.gob.ar\/wp-content\/uploads\/2021\/03\/Mamiferas-Cosmicas-Flyer-121x90.jpeg 121w, https:\/\/cultura.sma.gob.ar\/wp-content\/uploads\/2021\/03\/Mamiferas-Cosmicas-Flyer.jpeg 1280w\" sizes=\"auto, (max-width: 1024px) 100vw, 1024px\" \/><figcaption>Este s\u00e1bado, 06 de marzo a las 21hs en la Sala Amankay del Centro Cultural Cotesma, volvemos a disfrutar otra imperdible propuesta local, de manera presencial y con todos los protocolos para la seguridad de los presentes.<br>Hablamos de \u201cMAM\u00cdFERAS C\u00d3SMICAS\u201d, un espect\u00e1culo que emerge de las clases de exploraci\u00f3n del cuerpo en movimiento y danza afro, en donde mujeres de San Martin y Jun\u00edn de los Andes se entregan profundamente en cada encuentro.<br>\u00bfDe qu\u00e9 se trata\u00a0<em>\u201cmam\u00edferas C\u00f3smicas\u201d<\/em>?<br>Se trata de energ\u00edas manifestadas en diferentes seres en una experiencia terrenal expresando un entramado mayor, amplificando el volumen sensorial. Cuerpos, relaciones, intensidades, tramas enlazadas, habit\u00e1ndonos y reflej\u00e1ndonos en el ciclo que se reinicia eternamente por primera vez.<br>Somos una en todas. Somos c\u00e9lulas del gran organismo.<br>\u201cTe invitamos a vivenciar este proceso en el cual viajaremos por varios lenguajes, como la danza, la astrolog\u00eda, la m\u00fasica, la palabra&#8230;Te invitamos a sensibilizar el campo de tu percepci\u00f3n habitual\u201d.<br>Entradas anticipadas $300<br>Idea general y direcci\u00f3n: Nadia Moncada<br>Esta vez en escena: Laura Mucci, Sol Otero, Sol Gabaldon, Mariela Frias, Natalia Soto, Camila C\u00e1rrega, Claudia Correa, Jorgelina Cuevas, Noelia Sandoval, Adriana Barahona, Camila Cattaneo, Marian Moltoni, Mariana Oksman, Lili Nazario, Guadalupe Guevara.<br>Flyer: Mel Mazzeo<br>Video: Fausto Leone.<br>M\u00fasica video: Astral, Fran de Lobster.<\/figcaption><\/figure>\n","protected":false},"excerpt":{"rendered":"<p> <a href=\"https:\/\/cultura.sma.gob.ar\/?p=1259\" class=\"more-link\">Continue reading <span class=\"screen-reader-text\">Mam\u00edferas c\u00f3smicas<\/span><\/a><\/p>\n","protected":false},"author":1,"featured_media":297,"comment_status":"closed","ping_status":"","sticky":false,"template":"","format":"image","meta":{"footnotes":""},"categories":[2,9],"tags":[],"class_list":["post-1259","post","type-post","status-publish","format-image","has-post-thumbnail","hentry","category-ciudad-cultural","category-ultimas-noticias","post_format-post-format-image"],"_links":{"self":[{"href":"https:\/\/cultura.sma.gob.ar\/index.php?rest_route=\/wp\/v2\/posts\/1259","targetHints":{"allow":["GET"]}}],"collection":[{"href":"https:\/\/cultura.sma.gob.ar\/index.php?rest_route=\/wp\/v2\/posts"}],"about":[{"href":"https:\/\/cultura.sma.gob.ar\/index.php?rest_route=\/wp\/v2\/types\/post"}],"author":[{"embeddable":true,"href":"https:\/\/cultura.sma.gob.ar\/index.php?rest_route=\/wp\/v2\/users\/1"}],"replies":[{"embeddable":true,"href":"https:\/\/cultura.sma.gob.ar\/index.php?rest_route=%2Fwp%2Fv2%2Fcomments&post=1259"}],"version-history":[{"count":1,"href":"https:\/\/cultura.sma.gob.ar\/index.php?rest_route=\/wp\/v2\/posts\/1259\/revisions"}],"predecessor-version":[{"id":1261,"href":"https:\/\/cultura.sma.gob.ar\/index.php?rest_route=\/wp\/v2\/posts\/1259\/revisions\/1261"}],"wp:featuredmedia":[{"embeddable":true,"href":"https:\/\/cultura.sma.gob.ar\/index.php?rest_route=\/wp\/v2\/media\/297"}],"wp:attachment":[{"href":"https:\/\/cultura.sma.gob.ar\/index.php?rest_route=%2Fwp%2Fv2%2Fmedia&parent=1259"}],"wp:term":[{"taxonomy":"category","embeddable":true,"href":"https:\/\/cultura.sma.gob.ar\/index.php?rest_route=%2Fwp%2Fv2%2Fcategories&post=1259"},{"taxonomy":"post_tag","embeddable":true,"href":"https:\/\/cultura.sma.gob.ar\/index.php?rest_route=%2Fwp%2Fv2%2Ftags&post=1259"}],"curies":[{"name":"wp","href":"https:\/\/api.w.org\/{rel}","templated":true}]}}