{"id":1254,"date":"2021-03-04T16:57:42","date_gmt":"2021-03-04T19:57:42","guid":{"rendered":"http:\/\/cultura.sma.gob.ar\/?p=1254"},"modified":"2021-03-04T16:57:42","modified_gmt":"2021-03-04T19:57:42","slug":"viaje-a-tindalos","status":"publish","type":"post","link":"https:\/\/cultura.sma.gob.ar\/?p=1254","title":{"rendered":"Viaje a T\u00edndalos"},"content":{"rendered":"\n<figure class=\"wp-block-image size-large\"><img loading=\"lazy\" decoding=\"async\" width=\"766\" height=\"1024\" src=\"http:\/\/cultura.sma.gob.ar\/wp-content\/uploads\/2021\/03\/Foto-2-1-766x1024.jpg\" alt=\"\" class=\"wp-image-1255\" srcset=\"https:\/\/cultura.sma.gob.ar\/wp-content\/uploads\/2021\/03\/Foto-2-1-766x1024.jpg 766w, https:\/\/cultura.sma.gob.ar\/wp-content\/uploads\/2021\/03\/Foto-2-1-224x300.jpg 224w, https:\/\/cultura.sma.gob.ar\/wp-content\/uploads\/2021\/03\/Foto-2-1-768x1026.jpg 768w, https:\/\/cultura.sma.gob.ar\/wp-content\/uploads\/2021\/03\/Foto-2-1-67x90.jpg 67w, https:\/\/cultura.sma.gob.ar\/wp-content\/uploads\/2021\/03\/Foto-2-1.jpg 868w\" sizes=\"auto, (max-width: 766px) 100vw, 766px\" \/><\/figure>\n\n\n\n<p>Semilla Dalt\u00f3nica invita a un encuentro con el p\u00fablico:\u00a0VIAJE A T\u00cdNDALOS a trav\u00e9s de los \u00e1ngulos del tiempo,\u00a0un encuentro con seres de otras realidades,\u00a0este viernes 5 de marzo a las 19:30 hs. en la Sala Chapitel (Cap. Drury 665).<\/p>\n\n\n\n<p>La obra LOS SABUESOS DE T\u00cdNDALOS es parte de la Expo colectiva de artistas locales y regionales\u00a0 2021 que hasta el 9 de marzo se puede visitar en Sala Municipal de Exposiciones LIdaura Chapitel de 17 a 21 hs.<\/p>\n\n\n\n<p><\/p>\n\n\n\n<p><\/p>\n","protected":false},"excerpt":{"rendered":"<p>Semilla Dalt\u00f3nica invita a un encuentro con el p\u00fablico:\u00a0VIAJE A T\u00cdNDALOS a trav\u00e9s de los \u00e1ngulos del tiempo,\u00a0un encuentro con seres de otras realidades,\u00a0este viernes 5 de marzo a las 19:30 hs. en la Sala Chapitel (Cap. Drury 665). La obra LOS SABUESOS DE T\u00cdNDALOS es parte de la Expo colectiva de artistas locales y regionales\u00a0 2021 que hasta el 9 de marzo se puede &hellip; <a href=\"https:\/\/cultura.sma.gob.ar\/?p=1254\" class=\"more-link\">Continue reading <span class=\"screen-reader-text\">Viaje a T\u00edndalos<\/span><\/a><\/p>\n","protected":false},"author":1,"featured_media":295,"comment_status":"closed","ping_status":"","sticky":false,"template":"","format":"image","meta":{"footnotes":""},"categories":[2,6,9],"tags":[],"class_list":["post-1254","post","type-post","status-publish","format-image","has-post-thumbnail","hentry","category-ciudad-cultural","category-sala-lidaura-chapitel","category-ultimas-noticias","post_format-post-format-image"],"_links":{"self":[{"href":"https:\/\/cultura.sma.gob.ar\/index.php?rest_route=\/wp\/v2\/posts\/1254","targetHints":{"allow":["GET"]}}],"collection":[{"href":"https:\/\/cultura.sma.gob.ar\/index.php?rest_route=\/wp\/v2\/posts"}],"about":[{"href":"https:\/\/cultura.sma.gob.ar\/index.php?rest_route=\/wp\/v2\/types\/post"}],"author":[{"embeddable":true,"href":"https:\/\/cultura.sma.gob.ar\/index.php?rest_route=\/wp\/v2\/users\/1"}],"replies":[{"embeddable":true,"href":"https:\/\/cultura.sma.gob.ar\/index.php?rest_route=%2Fwp%2Fv2%2Fcomments&post=1254"}],"version-history":[{"count":1,"href":"https:\/\/cultura.sma.gob.ar\/index.php?rest_route=\/wp\/v2\/posts\/1254\/revisions"}],"predecessor-version":[{"id":1256,"href":"https:\/\/cultura.sma.gob.ar\/index.php?rest_route=\/wp\/v2\/posts\/1254\/revisions\/1256"}],"wp:featuredmedia":[{"embeddable":true,"href":"https:\/\/cultura.sma.gob.ar\/index.php?rest_route=\/wp\/v2\/media\/295"}],"wp:attachment":[{"href":"https:\/\/cultura.sma.gob.ar\/index.php?rest_route=%2Fwp%2Fv2%2Fmedia&parent=1254"}],"wp:term":[{"taxonomy":"category","embeddable":true,"href":"https:\/\/cultura.sma.gob.ar\/index.php?rest_route=%2Fwp%2Fv2%2Fcategories&post=1254"},{"taxonomy":"post_tag","embeddable":true,"href":"https:\/\/cultura.sma.gob.ar\/index.php?rest_route=%2Fwp%2Fv2%2Ftags&post=1254"}],"curies":[{"name":"wp","href":"https:\/\/api.w.org\/{rel}","templated":true}]}}