{"id":1251,"date":"2021-03-04T16:53:33","date_gmt":"2021-03-04T19:53:33","guid":{"rendered":"http:\/\/cultura.sma.gob.ar\/?p=1251"},"modified":"2021-03-04T16:53:33","modified_gmt":"2021-03-04T19:53:33","slug":"seminario-la-mujer-en-la-danza-folklorica","status":"publish","type":"post","link":"https:\/\/cultura.sma.gob.ar\/?p=1251","title":{"rendered":"Seminario La mujer en la danza folkl\u00f3rica."},"content":{"rendered":"\n<figure class=\"wp-block-image size-large\"><img loading=\"lazy\" decoding=\"async\" width=\"819\" height=\"1024\" src=\"http:\/\/cultura.sma.gob.ar\/wp-content\/uploads\/2021\/03\/IMG_20210301_184203_191-819x1024.jpg\" alt=\"\" class=\"wp-image-1252\" srcset=\"https:\/\/cultura.sma.gob.ar\/wp-content\/uploads\/2021\/03\/IMG_20210301_184203_191-819x1024.jpg 819w, https:\/\/cultura.sma.gob.ar\/wp-content\/uploads\/2021\/03\/IMG_20210301_184203_191-240x300.jpg 240w, https:\/\/cultura.sma.gob.ar\/wp-content\/uploads\/2021\/03\/IMG_20210301_184203_191-768x960.jpg 768w, https:\/\/cultura.sma.gob.ar\/wp-content\/uploads\/2021\/03\/IMG_20210301_184203_191-72x90.jpg 72w, https:\/\/cultura.sma.gob.ar\/wp-content\/uploads\/2021\/03\/IMG_20210301_184203_191.jpg 908w\" sizes=\"auto, (max-width: 819px) 100vw, 819px\" \/><\/figure>\n\n\n\n<p>Seminario de danzas folcl\u00f3ricas, de la compa\u00f1\u00eda LATIDOS DE MUEJERES. Viernes 05\/03 a partir de las 14 horas en el TEATRO SAN JOS\u00c9.<\/p>\n","protected":false},"excerpt":{"rendered":"<p>Seminario de danzas folcl\u00f3ricas, de la compa\u00f1\u00eda LATIDOS DE MUEJERES. Viernes 05\/03 a partir de las 14 horas en el TEATRO SAN JOS\u00c9. <a href=\"https:\/\/cultura.sma.gob.ar\/?p=1251\" class=\"more-link\">Continue reading <span class=\"screen-reader-text\">Seminario La mujer en la danza folkl\u00f3rica.<\/span><\/a><\/p>\n","protected":false},"author":1,"featured_media":292,"comment_status":"closed","ping_status":"","sticky":false,"template":"","format":"image","meta":{"footnotes":""},"categories":[2,8,9],"tags":[],"class_list":["post-1251","post","type-post","status-publish","format-image","has-post-thumbnail","hentry","category-ciudad-cultural","category-teatro-san-jose","category-ultimas-noticias","post_format-post-format-image"],"_links":{"self":[{"href":"https:\/\/cultura.sma.gob.ar\/index.php?rest_route=\/wp\/v2\/posts\/1251","targetHints":{"allow":["GET"]}}],"collection":[{"href":"https:\/\/cultura.sma.gob.ar\/index.php?rest_route=\/wp\/v2\/posts"}],"about":[{"href":"https:\/\/cultura.sma.gob.ar\/index.php?rest_route=\/wp\/v2\/types\/post"}],"author":[{"embeddable":true,"href":"https:\/\/cultura.sma.gob.ar\/index.php?rest_route=\/wp\/v2\/users\/1"}],"replies":[{"embeddable":true,"href":"https:\/\/cultura.sma.gob.ar\/index.php?rest_route=%2Fwp%2Fv2%2Fcomments&post=1251"}],"version-history":[{"count":1,"href":"https:\/\/cultura.sma.gob.ar\/index.php?rest_route=\/wp\/v2\/posts\/1251\/revisions"}],"predecessor-version":[{"id":1253,"href":"https:\/\/cultura.sma.gob.ar\/index.php?rest_route=\/wp\/v2\/posts\/1251\/revisions\/1253"}],"wp:featuredmedia":[{"embeddable":true,"href":"https:\/\/cultura.sma.gob.ar\/index.php?rest_route=\/wp\/v2\/media\/292"}],"wp:attachment":[{"href":"https:\/\/cultura.sma.gob.ar\/index.php?rest_route=%2Fwp%2Fv2%2Fmedia&parent=1251"}],"wp:term":[{"taxonomy":"category","embeddable":true,"href":"https:\/\/cultura.sma.gob.ar\/index.php?rest_route=%2Fwp%2Fv2%2Fcategories&post=1251"},{"taxonomy":"post_tag","embeddable":true,"href":"https:\/\/cultura.sma.gob.ar\/index.php?rest_route=%2Fwp%2Fv2%2Ftags&post=1251"}],"curies":[{"name":"wp","href":"https:\/\/api.w.org\/{rel}","templated":true}]}}