{"id":1243,"date":"2021-03-03T19:57:26","date_gmt":"2021-03-03T22:57:26","guid":{"rendered":"http:\/\/cultura.sma.gob.ar\/?p=1243"},"modified":"2021-03-03T20:00:11","modified_gmt":"2021-03-03T23:00:11","slug":"taller-de-iniciacion-a-la-acuarela","status":"publish","type":"post","link":"https:\/\/cultura.sma.gob.ar\/?p=1243","title":{"rendered":"Taller de iniciaci\u00f3n a la acuarela"},"content":{"rendered":"\n<div class=\"wp-block-image\"><figure class=\"aligncenter\"><img loading=\"lazy\" decoding=\"async\" width=\"481\" height=\"481\" src=\"http:\/\/cultura.sma.gob.ar\/wp-content\/uploads\/2021\/03\/Flyer_Iniciacion_a_la_Acuarela.jpg\" alt=\"\" class=\"wp-image-1244\" srcset=\"https:\/\/cultura.sma.gob.ar\/wp-content\/uploads\/2021\/03\/Flyer_Iniciacion_a_la_Acuarela.jpg 481w, https:\/\/cultura.sma.gob.ar\/wp-content\/uploads\/2021\/03\/Flyer_Iniciacion_a_la_Acuarela-300x300.jpg 300w, https:\/\/cultura.sma.gob.ar\/wp-content\/uploads\/2021\/03\/Flyer_Iniciacion_a_la_Acuarela-150x150.jpg 150w, https:\/\/cultura.sma.gob.ar\/wp-content\/uploads\/2021\/03\/Flyer_Iniciacion_a_la_Acuarela-90x90.jpg 90w\" sizes=\"auto, (max-width: 481px) 100vw, 481px\" \/><figcaption>Flyer_En marzo llega una nueva e imperdible propuesta a nuestra grilla de talleres&#8230;<br>El \u201cTALLER DE INICIACI\u00d3N A LA ACUARELA\u201d se trata de un espacio dedicado a enriquecer a los participantes a trav\u00e9s de las bases t\u00e9cnicas de la acuarela. Los ejes principales son la experimentaci\u00f3n y el intercambio, que, junto a los gustos y hallazgos personales, buscar\u00e1n encauzar la maravilla que surge del agua y del color.<br>No se precisa experiencia previa.&nbsp;<br>Se utilizan materiales profesionales.<br><strong>Los encuentros se llevar\u00e1n a cabo los d\u00edas jueves de 16hs a 18hs en la Sala G\u00fcnther Blaas<br>Consultas e inscripciones: +5491135657516 \/&nbsp;<\/strong><a href=\"mailto:kmamontoff@yahoo.com\"><strong>kmamontoff@yahoo.com<\/strong>&nbsp;\/&nbsp;<\/a><strong>@kirasmamontova<\/strong>Iniciacion_a_la_Acuarela<\/figcaption><\/figure><\/div>\n","protected":false},"excerpt":{"rendered":"<p> <a href=\"https:\/\/cultura.sma.gob.ar\/?p=1243\" class=\"more-link\">Continue reading <span class=\"screen-reader-text\">Taller de iniciaci\u00f3n a la acuarela<\/span><\/a><\/p>\n","protected":false},"author":1,"featured_media":297,"comment_status":"closed","ping_status":"","sticky":false,"template":"","format":"image","meta":{"footnotes":""},"categories":[2,9],"tags":[],"class_list":["post-1243","post","type-post","status-publish","format-image","has-post-thumbnail","hentry","category-ciudad-cultural","category-ultimas-noticias","post_format-post-format-image"],"_links":{"self":[{"href":"https:\/\/cultura.sma.gob.ar\/index.php?rest_route=\/wp\/v2\/posts\/1243","targetHints":{"allow":["GET"]}}],"collection":[{"href":"https:\/\/cultura.sma.gob.ar\/index.php?rest_route=\/wp\/v2\/posts"}],"about":[{"href":"https:\/\/cultura.sma.gob.ar\/index.php?rest_route=\/wp\/v2\/types\/post"}],"author":[{"embeddable":true,"href":"https:\/\/cultura.sma.gob.ar\/index.php?rest_route=\/wp\/v2\/users\/1"}],"replies":[{"embeddable":true,"href":"https:\/\/cultura.sma.gob.ar\/index.php?rest_route=%2Fwp%2Fv2%2Fcomments&post=1243"}],"version-history":[{"count":2,"href":"https:\/\/cultura.sma.gob.ar\/index.php?rest_route=\/wp\/v2\/posts\/1243\/revisions"}],"predecessor-version":[{"id":1247,"href":"https:\/\/cultura.sma.gob.ar\/index.php?rest_route=\/wp\/v2\/posts\/1243\/revisions\/1247"}],"wp:featuredmedia":[{"embeddable":true,"href":"https:\/\/cultura.sma.gob.ar\/index.php?rest_route=\/wp\/v2\/media\/297"}],"wp:attachment":[{"href":"https:\/\/cultura.sma.gob.ar\/index.php?rest_route=%2Fwp%2Fv2%2Fmedia&parent=1243"}],"wp:term":[{"taxonomy":"category","embeddable":true,"href":"https:\/\/cultura.sma.gob.ar\/index.php?rest_route=%2Fwp%2Fv2%2Fcategories&post=1243"},{"taxonomy":"post_tag","embeddable":true,"href":"https:\/\/cultura.sma.gob.ar\/index.php?rest_route=%2Fwp%2Fv2%2Ftags&post=1243"}],"curies":[{"name":"wp","href":"https:\/\/api.w.org\/{rel}","templated":true}]}}