{"id":1240,"date":"2021-03-03T19:55:20","date_gmt":"2021-03-03T22:55:20","guid":{"rendered":"http:\/\/cultura.sma.gob.ar\/?p=1240"},"modified":"2021-03-03T20:05:42","modified_gmt":"2021-03-03T23:05:42","slug":"danzaterapia","status":"publish","type":"post","link":"https:\/\/cultura.sma.gob.ar\/?p=1240","title":{"rendered":"Danzaterapia"},"content":{"rendered":"\n<div class=\"wp-block-image\"><figure class=\"aligncenter size-large\"><img loading=\"lazy\" decoding=\"async\" width=\"481\" height=\"481\" src=\"http:\/\/cultura.sma.gob.ar\/wp-content\/uploads\/2021\/03\/Danzaterapia_2021.jpg\" alt=\"\" class=\"wp-image-1241\" srcset=\"https:\/\/cultura.sma.gob.ar\/wp-content\/uploads\/2021\/03\/Danzaterapia_2021.jpg 481w, https:\/\/cultura.sma.gob.ar\/wp-content\/uploads\/2021\/03\/Danzaterapia_2021-300x300.jpg 300w, https:\/\/cultura.sma.gob.ar\/wp-content\/uploads\/2021\/03\/Danzaterapia_2021-150x150.jpg 150w, https:\/\/cultura.sma.gob.ar\/wp-content\/uploads\/2021\/03\/Danzaterapia_2021-90x90.jpg 90w\" sizes=\"auto, (max-width: 481px) 100vw, 481px\" \/><figcaption>Volvieron las Clases de Danzaterapia al Centro Cultural&#8230;<br>En esta oportunidad con el Ciclo \u201cCicllicidad\u201d.<br><em>\u201cEsta es una invitaci\u00f3n para habitarnos conscientemente desde el movimiento libre sensible. Integrando nuestro cuerpo f\u00edsico, mental, emocional y energ\u00e9tico.&#8221;<\/em><br>Ayuda a liberar el estr\u00e9s, a relajar el cuerpo, la mente, trasmutar emociones y renovar las energ\u00edas.<br>Estas clases son para vos&#8230;<br>Si no pod\u00e9s evitar bailar cuando escuchas una buena canci\u00f3n mientras limpias o cocinas;<br>Si amas bailar libremente;<br>Si quer\u00e9s encontrarte con vos;<br>Si quer\u00e9s despertar tu voz interior;<br>Si estas dispuesta a sanar las emociones que guarda tu cuerpo;<br>Si quer\u00e9s conectar con tu energ\u00eda, con tu potencial creativo;<br>Si quer\u00e9s ser parte de un c\u00edrculo de bellas mujeres que est\u00e1n en el mismo camino que vos.<br>Te vas a encontrar desde la danza para habitar en eje las hermosas volteretas constantes de la vida, que nos invitan a pasar por la luz y la sombra, por el pum para arriba del viernes y el bajonazo del lunes.<br>Vamos a ciclar una y otra vez para unirnos al flujo constante de la naturaleza, que siempre est\u00e1 en movimiento, como nosotras, como nuestra vida. \u00a1Y volvernos una con el ciclo, para aprovechar el potencial que nos brinda cada estaci\u00f3n dentro de este constante cambio, y disfrutar estar vivas!<br>Comenzamos el VIERNES 12\/3 14.30hs con un encuentro GRATUITO!<br>Ven\u00ed a explorar la creatividad de tu cuerpo y desplegar al m\u00e1ximo tu potencial.<br>Info e Inscripci\u00f3n: @shantala.terapiasholisticas o por wsp 2972433316<\/figcaption><\/figure><\/div>\n","protected":false},"excerpt":{"rendered":"<p> <a href=\"https:\/\/cultura.sma.gob.ar\/?p=1240\" class=\"more-link\">Continue reading <span class=\"screen-reader-text\">Danzaterapia<\/span><\/a><\/p>\n","protected":false},"author":1,"featured_media":297,"comment_status":"closed","ping_status":"","sticky":false,"template":"","format":"image","meta":{"footnotes":""},"categories":[2,9],"tags":[],"class_list":["post-1240","post","type-post","status-publish","format-image","has-post-thumbnail","hentry","category-ciudad-cultural","category-ultimas-noticias","post_format-post-format-image"],"_links":{"self":[{"href":"https:\/\/cultura.sma.gob.ar\/index.php?rest_route=\/wp\/v2\/posts\/1240","targetHints":{"allow":["GET"]}}],"collection":[{"href":"https:\/\/cultura.sma.gob.ar\/index.php?rest_route=\/wp\/v2\/posts"}],"about":[{"href":"https:\/\/cultura.sma.gob.ar\/index.php?rest_route=\/wp\/v2\/types\/post"}],"author":[{"embeddable":true,"href":"https:\/\/cultura.sma.gob.ar\/index.php?rest_route=\/wp\/v2\/users\/1"}],"replies":[{"embeddable":true,"href":"https:\/\/cultura.sma.gob.ar\/index.php?rest_route=%2Fwp%2Fv2%2Fcomments&post=1240"}],"version-history":[{"count":1,"href":"https:\/\/cultura.sma.gob.ar\/index.php?rest_route=\/wp\/v2\/posts\/1240\/revisions"}],"predecessor-version":[{"id":1242,"href":"https:\/\/cultura.sma.gob.ar\/index.php?rest_route=\/wp\/v2\/posts\/1240\/revisions\/1242"}],"wp:featuredmedia":[{"embeddable":true,"href":"https:\/\/cultura.sma.gob.ar\/index.php?rest_route=\/wp\/v2\/media\/297"}],"wp:attachment":[{"href":"https:\/\/cultura.sma.gob.ar\/index.php?rest_route=%2Fwp%2Fv2%2Fmedia&parent=1240"}],"wp:term":[{"taxonomy":"category","embeddable":true,"href":"https:\/\/cultura.sma.gob.ar\/index.php?rest_route=%2Fwp%2Fv2%2Fcategories&post=1240"},{"taxonomy":"post_tag","embeddable":true,"href":"https:\/\/cultura.sma.gob.ar\/index.php?rest_route=%2Fwp%2Fv2%2Ftags&post=1240"}],"curies":[{"name":"wp","href":"https:\/\/api.w.org\/{rel}","templated":true}]}}