{"id":1237,"date":"2021-03-03T19:52:46","date_gmt":"2021-03-03T22:52:46","guid":{"rendered":"http:\/\/cultura.sma.gob.ar\/?p=1237"},"modified":"2021-03-03T19:52:46","modified_gmt":"2021-03-03T22:52:46","slug":"clases-de-flamenco","status":"publish","type":"post","link":"https:\/\/cultura.sma.gob.ar\/?p=1237","title":{"rendered":"Clases de flamenco"},"content":{"rendered":"\n<p>Desde Abril, vuelven las clases de Flamenco al Centro Cultural&#8230;<\/p>\n\n\n\n<p>Desde el viernes 09 de Abril, vuelve la danza que a trav\u00e9s de sus distintos ritmos nos traslada a los puertos de Andaluc\u00eda: El Flamenco. Ven\u00ed a compartir un momento m\u00e1gico conociendo la cultura de este enriquecedor mundo.<\/p>\n\n\n\n<p>Todos los viernes de 17hs a 18hs a partir del Viernes 9 de Abril.<\/p>\n\n\n\n<p>&#8220;Noche de cuatro lunas y un s\u00f3lo \u00e1rbol. En la punta de una aguja est\u00e1 mi amor bailando&#8221;. -An\u00f3nimo Espa\u00f1ol-<\/p>\n\n\n\n<p>Contacto:&nbsp;<a href=\"mailto:bel.bobe@yahoo.com.ar\">bel.bobe@yahoo.com.ar<\/a><\/p>\n","protected":false},"excerpt":{"rendered":"<p>Desde Abril, vuelven las clases de Flamenco al Centro Cultural&#8230; Desde el viernes 09 de Abril, vuelve la danza que a trav\u00e9s de sus distintos ritmos nos traslada a los puertos de Andaluc\u00eda: El Flamenco. Ven\u00ed a compartir un momento m\u00e1gico conociendo la cultura de este enriquecedor mundo. Todos los viernes de 17hs a 18hs a partir del Viernes 9 de Abril. &#8220;Noche de cuatro &hellip; <a href=\"https:\/\/cultura.sma.gob.ar\/?p=1237\" class=\"more-link\">Continue reading <span class=\"screen-reader-text\">Clases de flamenco<\/span><\/a><\/p>\n","protected":false},"author":1,"featured_media":297,"comment_status":"closed","ping_status":"","sticky":false,"template":"","format":"image","meta":{"footnotes":""},"categories":[2,9],"tags":[],"class_list":["post-1237","post","type-post","status-publish","format-image","has-post-thumbnail","hentry","category-ciudad-cultural","category-ultimas-noticias","post_format-post-format-image"],"_links":{"self":[{"href":"https:\/\/cultura.sma.gob.ar\/index.php?rest_route=\/wp\/v2\/posts\/1237","targetHints":{"allow":["GET"]}}],"collection":[{"href":"https:\/\/cultura.sma.gob.ar\/index.php?rest_route=\/wp\/v2\/posts"}],"about":[{"href":"https:\/\/cultura.sma.gob.ar\/index.php?rest_route=\/wp\/v2\/types\/post"}],"author":[{"embeddable":true,"href":"https:\/\/cultura.sma.gob.ar\/index.php?rest_route=\/wp\/v2\/users\/1"}],"replies":[{"embeddable":true,"href":"https:\/\/cultura.sma.gob.ar\/index.php?rest_route=%2Fwp%2Fv2%2Fcomments&post=1237"}],"version-history":[{"count":1,"href":"https:\/\/cultura.sma.gob.ar\/index.php?rest_route=\/wp\/v2\/posts\/1237\/revisions"}],"predecessor-version":[{"id":1239,"href":"https:\/\/cultura.sma.gob.ar\/index.php?rest_route=\/wp\/v2\/posts\/1237\/revisions\/1239"}],"wp:featuredmedia":[{"embeddable":true,"href":"https:\/\/cultura.sma.gob.ar\/index.php?rest_route=\/wp\/v2\/media\/297"}],"wp:attachment":[{"href":"https:\/\/cultura.sma.gob.ar\/index.php?rest_route=%2Fwp%2Fv2%2Fmedia&parent=1237"}],"wp:term":[{"taxonomy":"category","embeddable":true,"href":"https:\/\/cultura.sma.gob.ar\/index.php?rest_route=%2Fwp%2Fv2%2Fcategories&post=1237"},{"taxonomy":"post_tag","embeddable":true,"href":"https:\/\/cultura.sma.gob.ar\/index.php?rest_route=%2Fwp%2Fv2%2Ftags&post=1237"}],"curies":[{"name":"wp","href":"https:\/\/api.w.org\/{rel}","templated":true}]}}