{"id":1225,"date":"2021-03-01T18:18:25","date_gmt":"2021-03-01T21:18:25","guid":{"rendered":"http:\/\/cultura.sma.gob.ar\/?p=1225"},"modified":"2021-03-01T18:18:25","modified_gmt":"2021-03-01T21:18:25","slug":"ciclo-musa-en-el-teatro-san-jose-aires-de-rio-y-cordillera","status":"publish","type":"post","link":"https:\/\/cultura.sma.gob.ar\/?p=1225","title":{"rendered":"Ciclo MUSA en el teatro San Jos\u00e9: &#8220;Aires de r\u00edo y cordillera&#8221;."},"content":{"rendered":"\n<figure class=\"wp-block-image size-large\"><img loading=\"lazy\" decoding=\"async\" width=\"574\" height=\"1024\" src=\"http:\/\/cultura.sma.gob.ar\/wp-content\/uploads\/2021\/03\/Toque-teatri-aires...-574x1024.jpeg\" alt=\"\" class=\"wp-image-1226\" srcset=\"https:\/\/cultura.sma.gob.ar\/wp-content\/uploads\/2021\/03\/Toque-teatri-aires...-574x1024.jpeg 574w, https:\/\/cultura.sma.gob.ar\/wp-content\/uploads\/2021\/03\/Toque-teatri-aires...-168x300.jpeg 168w, https:\/\/cultura.sma.gob.ar\/wp-content\/uploads\/2021\/03\/Toque-teatri-aires...-50x90.jpeg 50w, https:\/\/cultura.sma.gob.ar\/wp-content\/uploads\/2021\/03\/Toque-teatri-aires....jpeg 718w\" sizes=\"auto, (max-width: 574px) 100vw, 574px\" \/><\/figure>\n\n\n\n<p>El pr\u00f3ximo <strong>jueves, 04 de marzo a las 21:00hs<\/strong> la Asociaci\u00f3n de Musiques de San Mart\u00edn de los Andes (M.U.S.A.) habita el <strong>teatro San Jos\u00e9<\/strong> de nuestra ciudad, a trav\u00e9s del espect\u00e1culo <strong>\u201cAires de R\u00edo y Cordillera\u201d,<\/strong> un encuentro que nos invita a viajar por nuestra Am\u00e9rica Latina, desde la monta\u00f1a a los r\u00edos, de la mano de Polemma D\u00fao y Mar\u00eda Laura Ollesch.<\/p>\n\n\n\n<p><strong>\u201cPolemma D\u00fao\u201d,<\/strong> formado en San Mart\u00edn de los Andes en el a\u00f1o 2020, est\u00e1 integrado por Paola Ilabaca m\u00fasica, docente y gestora cultural junto a Emmanuel Rocha m\u00fasico, compositor y docente. En este proyecto buscan plasmar composiciones propias, as\u00ed como tambi\u00e9n m\u00fasicas de diferentes compositores y compositoras de nuestra Latinoam\u00e9rica.<\/p>\n\n\n\n<p><strong>Mar\u00eda Laura Ollesch, <\/strong>oriunda del litoral argentino, es influenciada por la cultura de ambas orillas del R\u00edo Uruguay. Su repertorio es un entramado entre sus propias creaciones y canciones de Jorge Fandermole, Fernando Cabrera, Laura Canoura, Ed\u00fa \u201cPitufo\u201d Lombardo, Jes\u00fas Fern\u00e1ndez y otres grandes artistas que influenciaron los g\u00e9neros de ambos pa\u00edses.<\/p>\n\n\n\n<p>Entradas en venta en el Teatro San Jos\u00e9, Drury 760.<\/p>\n\n\n\n<p><a href=\"mailto:musiquessanmartinenses@gmail.com\">musiquessanmartinenses@gmail.com<\/a><\/p>\n\n\n\n<p>Facebook: Mu.Sa. Musiques de SMA<\/p>\n\n\n\n<p>Instagram: @musa_smandes<\/p>\n\n\n\n<p>Cupo limitado para cuidarte y cuidarnos.<\/p>\n","protected":false},"excerpt":{"rendered":"<p>El pr\u00f3ximo jueves, 04 de marzo a las 21:00hs la Asociaci\u00f3n de Musiques de San Mart\u00edn de los Andes (M.U.S.A.) habita el teatro San Jos\u00e9 de nuestra ciudad, a trav\u00e9s del espect\u00e1culo \u201cAires de R\u00edo y Cordillera\u201d, un encuentro que nos invita a viajar por nuestra Am\u00e9rica Latina, desde la monta\u00f1a a los r\u00edos, de la mano de Polemma D\u00fao y Mar\u00eda Laura Ollesch. \u201cPolemma &hellip; <a href=\"https:\/\/cultura.sma.gob.ar\/?p=1225\" class=\"more-link\">Continue reading <span class=\"screen-reader-text\">Ciclo MUSA en el teatro San Jos\u00e9: &#8220;Aires de r\u00edo y cordillera&#8221;.<\/span><\/a><\/p>\n","protected":false},"author":1,"featured_media":292,"comment_status":"closed","ping_status":"","sticky":false,"template":"","format":"image","meta":{"footnotes":""},"categories":[8,9],"tags":[],"class_list":["post-1225","post","type-post","status-publish","format-image","has-post-thumbnail","hentry","category-teatro-san-jose","category-ultimas-noticias","post_format-post-format-image"],"_links":{"self":[{"href":"https:\/\/cultura.sma.gob.ar\/index.php?rest_route=\/wp\/v2\/posts\/1225","targetHints":{"allow":["GET"]}}],"collection":[{"href":"https:\/\/cultura.sma.gob.ar\/index.php?rest_route=\/wp\/v2\/posts"}],"about":[{"href":"https:\/\/cultura.sma.gob.ar\/index.php?rest_route=\/wp\/v2\/types\/post"}],"author":[{"embeddable":true,"href":"https:\/\/cultura.sma.gob.ar\/index.php?rest_route=\/wp\/v2\/users\/1"}],"replies":[{"embeddable":true,"href":"https:\/\/cultura.sma.gob.ar\/index.php?rest_route=%2Fwp%2Fv2%2Fcomments&post=1225"}],"version-history":[{"count":1,"href":"https:\/\/cultura.sma.gob.ar\/index.php?rest_route=\/wp\/v2\/posts\/1225\/revisions"}],"predecessor-version":[{"id":1227,"href":"https:\/\/cultura.sma.gob.ar\/index.php?rest_route=\/wp\/v2\/posts\/1225\/revisions\/1227"}],"wp:featuredmedia":[{"embeddable":true,"href":"https:\/\/cultura.sma.gob.ar\/index.php?rest_route=\/wp\/v2\/media\/292"}],"wp:attachment":[{"href":"https:\/\/cultura.sma.gob.ar\/index.php?rest_route=%2Fwp%2Fv2%2Fmedia&parent=1225"}],"wp:term":[{"taxonomy":"category","embeddable":true,"href":"https:\/\/cultura.sma.gob.ar\/index.php?rest_route=%2Fwp%2Fv2%2Fcategories&post=1225"},{"taxonomy":"post_tag","embeddable":true,"href":"https:\/\/cultura.sma.gob.ar\/index.php?rest_route=%2Fwp%2Fv2%2Ftags&post=1225"}],"curies":[{"name":"wp","href":"https:\/\/api.w.org\/{rel}","templated":true}]}}