{"id":1220,"date":"2021-02-25T17:45:00","date_gmt":"2021-02-25T20:45:00","guid":{"rendered":"http:\/\/cultura.sma.gob.ar\/?p=1220"},"modified":"2021-02-25T17:45:00","modified_gmt":"2021-02-25T20:45:00","slug":"calle-cultural","status":"publish","type":"post","link":"https:\/\/cultura.sma.gob.ar\/?p=1220","title":{"rendered":"Calle Cultural"},"content":{"rendered":"\n<figure class=\"wp-block-image size-large\"><img loading=\"lazy\" decoding=\"async\" width=\"1024\" height=\"1024\" src=\"http:\/\/cultura.sma.gob.ar\/wp-content\/uploads\/2021\/01\/programa-reencuentro-08-1024x1024.jpg\" alt=\"\" class=\"wp-image-1032\" srcset=\"https:\/\/cultura.sma.gob.ar\/wp-content\/uploads\/2021\/01\/programa-reencuentro-08-1024x1024.jpg 1024w, https:\/\/cultura.sma.gob.ar\/wp-content\/uploads\/2021\/01\/programa-reencuentro-08-300x300.jpg 300w, https:\/\/cultura.sma.gob.ar\/wp-content\/uploads\/2021\/01\/programa-reencuentro-08-150x150.jpg 150w, https:\/\/cultura.sma.gob.ar\/wp-content\/uploads\/2021\/01\/programa-reencuentro-08-768x768.jpg 768w, https:\/\/cultura.sma.gob.ar\/wp-content\/uploads\/2021\/01\/programa-reencuentro-08-90x90.jpg 90w, https:\/\/cultura.sma.gob.ar\/wp-content\/uploads\/2021\/01\/programa-reencuentro-08.jpg 1250w\" sizes=\"auto, (max-width: 1024px) 100vw, 1024px\" \/><figcaption>\u2022 Viernes 26 de febrero, 18:00 hs. La estatua viviente Reina del Ajedrez estar\u00e1 en Cordones del Chapelco (frente al super Cooperativa Obrera). <br>\u2022 S\u00e1bado 27 de febrero, 18:00 hs. Muta Percusi\u00f3n en la Vega San Mart\u00edn (frente al super TODO de ruta 40).<br>\u2022 S\u00e1bado 27 de febrero, 19:00 hs. Cristal ofrece un show de burbujas gigantes en la plaza Eva Per\u00f3n del barrio Las Rosas. <\/figcaption><\/figure>\n","protected":false},"excerpt":{"rendered":"<p> <a href=\"https:\/\/cultura.sma.gob.ar\/?p=1220\" class=\"more-link\">Continue reading <span class=\"screen-reader-text\">Calle Cultural<\/span><\/a><\/p>\n","protected":false},"author":1,"featured_media":296,"comment_status":"closed","ping_status":"","sticky":false,"template":"","format":"image","meta":{"footnotes":""},"categories":[3,9],"tags":[],"class_list":["post-1220","post","type-post","status-publish","format-image","has-post-thumbnail","hentry","category-eventos-cultura","category-ultimas-noticias","post_format-post-format-image"],"_links":{"self":[{"href":"https:\/\/cultura.sma.gob.ar\/index.php?rest_route=\/wp\/v2\/posts\/1220","targetHints":{"allow":["GET"]}}],"collection":[{"href":"https:\/\/cultura.sma.gob.ar\/index.php?rest_route=\/wp\/v2\/posts"}],"about":[{"href":"https:\/\/cultura.sma.gob.ar\/index.php?rest_route=\/wp\/v2\/types\/post"}],"author":[{"embeddable":true,"href":"https:\/\/cultura.sma.gob.ar\/index.php?rest_route=\/wp\/v2\/users\/1"}],"replies":[{"embeddable":true,"href":"https:\/\/cultura.sma.gob.ar\/index.php?rest_route=%2Fwp%2Fv2%2Fcomments&post=1220"}],"version-history":[{"count":1,"href":"https:\/\/cultura.sma.gob.ar\/index.php?rest_route=\/wp\/v2\/posts\/1220\/revisions"}],"predecessor-version":[{"id":1221,"href":"https:\/\/cultura.sma.gob.ar\/index.php?rest_route=\/wp\/v2\/posts\/1220\/revisions\/1221"}],"wp:featuredmedia":[{"embeddable":true,"href":"https:\/\/cultura.sma.gob.ar\/index.php?rest_route=\/wp\/v2\/media\/296"}],"wp:attachment":[{"href":"https:\/\/cultura.sma.gob.ar\/index.php?rest_route=%2Fwp%2Fv2%2Fmedia&parent=1220"}],"wp:term":[{"taxonomy":"category","embeddable":true,"href":"https:\/\/cultura.sma.gob.ar\/index.php?rest_route=%2Fwp%2Fv2%2Fcategories&post=1220"},{"taxonomy":"post_tag","embeddable":true,"href":"https:\/\/cultura.sma.gob.ar\/index.php?rest_route=%2Fwp%2Fv2%2Ftags&post=1220"}],"curies":[{"name":"wp","href":"https:\/\/api.w.org\/{rel}","templated":true}]}}