{"id":1214,"date":"2021-02-25T14:08:46","date_gmt":"2021-02-25T17:08:46","guid":{"rendered":"http:\/\/cultura.sma.gob.ar\/?p=1214"},"modified":"2021-02-25T14:10:49","modified_gmt":"2021-02-25T17:10:49","slug":"inauguracion-de-la-escultura-panuelo","status":"publish","type":"post","link":"https:\/\/cultura.sma.gob.ar\/?p=1214","title":{"rendered":"Inauguraci\u00f3n de la escultura Pa\u00f1uelo"},"content":{"rendered":"\n<figure class=\"wp-block-image size-large\"><img loading=\"lazy\" decoding=\"async\" width=\"940\" height=\"788\" src=\"http:\/\/cultura.sma.gob.ar\/wp-content\/uploads\/2021\/02\/WhatsApp-Image-2021-02-25-at-2.03.36-PM.jpeg\" alt=\"\" class=\"wp-image-1215\" srcset=\"https:\/\/cultura.sma.gob.ar\/wp-content\/uploads\/2021\/02\/WhatsApp-Image-2021-02-25-at-2.03.36-PM.jpeg 940w, https:\/\/cultura.sma.gob.ar\/wp-content\/uploads\/2021\/02\/WhatsApp-Image-2021-02-25-at-2.03.36-PM-300x251.jpeg 300w, https:\/\/cultura.sma.gob.ar\/wp-content\/uploads\/2021\/02\/WhatsApp-Image-2021-02-25-at-2.03.36-PM-768x644.jpeg 768w, https:\/\/cultura.sma.gob.ar\/wp-content\/uploads\/2021\/02\/WhatsApp-Image-2021-02-25-at-2.03.36-PM-107x90.jpeg 107w\" sizes=\"auto, (max-width: 940px) 100vw, 940px\" \/><figcaption>Viernes 26 de febrero, 18 hs. Inauguraci\u00f3n de la escultura Pa\u00f1uelo, del artista Santiago Cariac. Esta obra gan\u00f3 el concurso &#8220;Pa\u00f1uelo de la Memoria&#8221;, organizado por la Secretar\u00eda de Cultura en 2019. Transmisi\u00f3n en vivo por los Facebook de la Comisi\u00f3n de la Memoria, del Parque Nacional Lan\u00edn y de la Municipalidad de San Mart\u00edn de los Andes.<\/figcaption><\/figure>\n","protected":false},"excerpt":{"rendered":"<p> <a href=\"https:\/\/cultura.sma.gob.ar\/?p=1214\" class=\"more-link\">Continue reading <span class=\"screen-reader-text\">Inauguraci\u00f3n de la escultura Pa\u00f1uelo<\/span><\/a><\/p>\n","protected":false},"author":1,"featured_media":296,"comment_status":"closed","ping_status":"","sticky":false,"template":"","format":"image","meta":{"footnotes":""},"categories":[3,9],"tags":[],"class_list":["post-1214","post","type-post","status-publish","format-image","has-post-thumbnail","hentry","category-eventos-cultura","category-ultimas-noticias","post_format-post-format-image"],"_links":{"self":[{"href":"https:\/\/cultura.sma.gob.ar\/index.php?rest_route=\/wp\/v2\/posts\/1214","targetHints":{"allow":["GET"]}}],"collection":[{"href":"https:\/\/cultura.sma.gob.ar\/index.php?rest_route=\/wp\/v2\/posts"}],"about":[{"href":"https:\/\/cultura.sma.gob.ar\/index.php?rest_route=\/wp\/v2\/types\/post"}],"author":[{"embeddable":true,"href":"https:\/\/cultura.sma.gob.ar\/index.php?rest_route=\/wp\/v2\/users\/1"}],"replies":[{"embeddable":true,"href":"https:\/\/cultura.sma.gob.ar\/index.php?rest_route=%2Fwp%2Fv2%2Fcomments&post=1214"}],"version-history":[{"count":1,"href":"https:\/\/cultura.sma.gob.ar\/index.php?rest_route=\/wp\/v2\/posts\/1214\/revisions"}],"predecessor-version":[{"id":1216,"href":"https:\/\/cultura.sma.gob.ar\/index.php?rest_route=\/wp\/v2\/posts\/1214\/revisions\/1216"}],"wp:featuredmedia":[{"embeddable":true,"href":"https:\/\/cultura.sma.gob.ar\/index.php?rest_route=\/wp\/v2\/media\/296"}],"wp:attachment":[{"href":"https:\/\/cultura.sma.gob.ar\/index.php?rest_route=%2Fwp%2Fv2%2Fmedia&parent=1214"}],"wp:term":[{"taxonomy":"category","embeddable":true,"href":"https:\/\/cultura.sma.gob.ar\/index.php?rest_route=%2Fwp%2Fv2%2Fcategories&post=1214"},{"taxonomy":"post_tag","embeddable":true,"href":"https:\/\/cultura.sma.gob.ar\/index.php?rest_route=%2Fwp%2Fv2%2Ftags&post=1214"}],"curies":[{"name":"wp","href":"https:\/\/api.w.org\/{rel}","templated":true}]}}