{"id":1195,"date":"2021-02-22T10:57:09","date_gmt":"2021-02-22T13:57:09","guid":{"rendered":"http:\/\/cultura.sma.gob.ar\/?p=1195"},"modified":"2021-02-22T10:57:09","modified_gmt":"2021-02-22T13:57:09","slug":"caravana-nerudiana","status":"publish","type":"post","link":"https:\/\/cultura.sma.gob.ar\/?p=1195","title":{"rendered":"Caravana Nerudiana"},"content":{"rendered":"\n<figure class=\"wp-block-image size-large\"><img loading=\"lazy\" decoding=\"async\" width=\"1024\" height=\"1024\" src=\"http:\/\/cultura.sma.gob.ar\/wp-content\/uploads\/2021\/02\/neruda-01-1024x1024.jpg\" alt=\"\" class=\"wp-image-1196\" srcset=\"https:\/\/cultura.sma.gob.ar\/wp-content\/uploads\/2021\/02\/neruda-01-1024x1024.jpg 1024w, https:\/\/cultura.sma.gob.ar\/wp-content\/uploads\/2021\/02\/neruda-01-300x300.jpg 300w, https:\/\/cultura.sma.gob.ar\/wp-content\/uploads\/2021\/02\/neruda-01-150x150.jpg 150w, https:\/\/cultura.sma.gob.ar\/wp-content\/uploads\/2021\/02\/neruda-01-768x768.jpg 768w, https:\/\/cultura.sma.gob.ar\/wp-content\/uploads\/2021\/02\/neruda-01-1536x1536.jpg 1536w, https:\/\/cultura.sma.gob.ar\/wp-content\/uploads\/2021\/02\/neruda-01-90x90.jpg 90w, https:\/\/cultura.sma.gob.ar\/wp-content\/uploads\/2021\/02\/neruda-01.jpg 1875w\" sizes=\"auto, (max-width: 1024px) 100vw, 1024px\" \/><\/figure>\n\n\n\n<p>La Secretar\u00eda de Cultura, la Biblioteca Popular 9 de Julio y la Intendencia del Parque Nacional Lan\u00edn invitan a la comunidad a participar de la Caravana Nerudiana que se realizar\u00e1 el domingo 29 de febrero desde las 18 hs.<br><br>La propuesta consiste en recorrer a pie tres sitios que representan el paso del poeta Pablo Neruda por nuestra ciudad, en 1949, luego de cruzar la cordillera por un paso de contrabandistas, escapando de la persecuci\u00f3n pol\u00edtica.\u00a0El punto de encuentro de la caminata ser\u00e1 el monumentos de Los Ciervos, en la costanera del lago Lacar. Habr\u00e1 una parada en la p\u00e9rgola de la plaza Sarmiento y finalizar\u00e1 en la hoster\u00eda Parque Los Andes, donde habr\u00e1 una presentaci\u00f3n musical.\u00a0En las tres paradas se realizar\u00e1n lecturas, para las cuales se invita a quienes quieran leer, a que lleven textos seleccionados de Neruda, cuya lectura no demande m\u00e1s de 5 minutos. Tambi\u00e9n se puede participar en la caravana yendo directamente a cualquiera de los tres puntos se\u00f1alados, sin realizar la caminata.<br><br>Esta actividad se realiza en el marco del programa binacional Ruta de Neruda, que este a\u00f1o no contar\u00e1 con la tradicional caminata al Paso Ilpela. No obstante, el sendero al hito Ilpela se encuentra habilitado para quienes quieran hacer la excursi\u00f3n, siendo condici\u00f3n inscribirse en el registro de trekking del Parque Nacional Lan\u00edn y respetar los protocolos sanitarios vigentes.<\/p>\n","protected":false},"excerpt":{"rendered":"<p>Domingo 28 desde las 18hs. <a href=\"https:\/\/cultura.sma.gob.ar\/?p=1195\" class=\"more-link\">Continue reading <span class=\"screen-reader-text\">Caravana Nerudiana<\/span><\/a><\/p>\n","protected":false},"author":1,"featured_media":296,"comment_status":"closed","ping_status":"","sticky":false,"template":"","format":"image","meta":{"footnotes":""},"categories":[3],"tags":[],"class_list":["post-1195","post","type-post","status-publish","format-image","has-post-thumbnail","hentry","category-eventos-cultura","post_format-post-format-image"],"_links":{"self":[{"href":"https:\/\/cultura.sma.gob.ar\/index.php?rest_route=\/wp\/v2\/posts\/1195","targetHints":{"allow":["GET"]}}],"collection":[{"href":"https:\/\/cultura.sma.gob.ar\/index.php?rest_route=\/wp\/v2\/posts"}],"about":[{"href":"https:\/\/cultura.sma.gob.ar\/index.php?rest_route=\/wp\/v2\/types\/post"}],"author":[{"embeddable":true,"href":"https:\/\/cultura.sma.gob.ar\/index.php?rest_route=\/wp\/v2\/users\/1"}],"replies":[{"embeddable":true,"href":"https:\/\/cultura.sma.gob.ar\/index.php?rest_route=%2Fwp%2Fv2%2Fcomments&post=1195"}],"version-history":[{"count":1,"href":"https:\/\/cultura.sma.gob.ar\/index.php?rest_route=\/wp\/v2\/posts\/1195\/revisions"}],"predecessor-version":[{"id":1197,"href":"https:\/\/cultura.sma.gob.ar\/index.php?rest_route=\/wp\/v2\/posts\/1195\/revisions\/1197"}],"wp:featuredmedia":[{"embeddable":true,"href":"https:\/\/cultura.sma.gob.ar\/index.php?rest_route=\/wp\/v2\/media\/296"}],"wp:attachment":[{"href":"https:\/\/cultura.sma.gob.ar\/index.php?rest_route=%2Fwp%2Fv2%2Fmedia&parent=1195"}],"wp:term":[{"taxonomy":"category","embeddable":true,"href":"https:\/\/cultura.sma.gob.ar\/index.php?rest_route=%2Fwp%2Fv2%2Fcategories&post=1195"},{"taxonomy":"post_tag","embeddable":true,"href":"https:\/\/cultura.sma.gob.ar\/index.php?rest_route=%2Fwp%2Fv2%2Ftags&post=1195"}],"curies":[{"name":"wp","href":"https:\/\/api.w.org\/{rel}","templated":true}]}}