{"id":1186,"date":"2021-02-18T08:10:25","date_gmt":"2021-02-18T11:10:25","guid":{"rendered":"http:\/\/cultura.sma.gob.ar\/?p=1186"},"modified":"2021-02-18T08:10:25","modified_gmt":"2021-02-18T11:10:25","slug":"oniria-4teto-en-la-sala-amankay","status":"publish","type":"post","link":"https:\/\/cultura.sma.gob.ar\/?p=1186","title":{"rendered":"Oniria 4teto en la Sala Amankay"},"content":{"rendered":"\n<figure class=\"wp-block-image size-large\"><img loading=\"lazy\" decoding=\"async\" width=\"1024\" height=\"1024\" src=\"http:\/\/cultura.sma.gob.ar\/wp-content\/uploads\/2021\/02\/Oniria-Flyer-1-1024x1024.jpeg\" alt=\"\" class=\"wp-image-1187\" srcset=\"https:\/\/cultura.sma.gob.ar\/wp-content\/uploads\/2021\/02\/Oniria-Flyer-1-1024x1024.jpeg 1024w, https:\/\/cultura.sma.gob.ar\/wp-content\/uploads\/2021\/02\/Oniria-Flyer-1-300x300.jpeg 300w, https:\/\/cultura.sma.gob.ar\/wp-content\/uploads\/2021\/02\/Oniria-Flyer-1-150x150.jpeg 150w, https:\/\/cultura.sma.gob.ar\/wp-content\/uploads\/2021\/02\/Oniria-Flyer-1-768x767.jpeg 768w, https:\/\/cultura.sma.gob.ar\/wp-content\/uploads\/2021\/02\/Oniria-Flyer-1-90x90.jpeg 90w, https:\/\/cultura.sma.gob.ar\/wp-content\/uploads\/2021\/02\/Oniria-Flyer-1.jpeg 1280w\" sizes=\"auto, (max-width: 1024px) 100vw, 1024px\" \/><\/figure>\n\n\n\n<p>El pr\u00f3ximo jueves, 25 de febrero, llega una nueva presentaci\u00f3n con p\u00fablico a nuestra querida Sala Amankay. A las 21:00hs, ONIRIA 4teto presenta su segundo material discogr\u00e1fico: \u201cVIDA\u201d, compuesto por ocho composiciones originales de la banda.<br><br>Al igual que todas las presentaciones de este 2021, la misma ser\u00e1 con todos los protocolos sanitarios vigentes, entre ellos entradas numeradas y cupos limitados.<\/p>\n\n\n\n<p>A lo largo del show, Oniria 4teto repasar\u00e1 sus canciones junto a imperdibles invitados: Luz Marina Teixe en Flauta Traversa; Hern\u00e1n Bidegain en Saxo Tenor y la Cuerda de Candombe con sus Tambores Piano, Chico y Repique.<\/p>\n\n\n\n<p><em>\u201cLas m\u00fasicas de VIDA son una expresi\u00f3n del sentir cotidiano, de nuestro d\u00eda a d\u00eda y tiene gran enfoque en los momentos de la vida en la naturaleza. La idea de la m\u00fasica de Oniria es representar a trav\u00e9s de diversas r\u00edtmicas y la armon\u00eda, el leguaje de la naturaleza con sus ciclos y momentos de reposo y tensi\u00f3n, fusionado con nuestro presente tecnol\u00f3gico y poniendo en un lugar muy importante las maquinas, la electricidad y sus infinitas posibilidades sonoras, a trav\u00e9s de nuestros medios electroac\u00fasticos en este presente\u201d.<\/em><\/p>\n\n\n\n<p>Las entradas est\u00e1n a la venta en la boletar\u00eda del Centro Cultural de martes a s\u00e1bado de 18hs a 21hs.<br>Valor: $300.-<\/p>\n\n\n\n<p><strong><u>Sobre Oniria 4teto:<br><\/u><\/strong>Integrantes:<br>Lucas Tajan: Bajo.-<br>Juan Cruz Vinet: Bateria.-<br>Diego Montalban \u2013 Guitarra.-<br>Emanuel Hermosilla \u2013 Teclados.-<br>Jerem\u00edas Gonz\u00e1lez \u2013 Dise\u00f1o Gr\u00e1fico.-<\/p>\n\n\n\n<p>\u201cONIRIA 4teto\u201d es una agrupaci\u00f3n que desarrolla su m\u00fasica dentro del g\u00e9nero &#8220;Jazz Moderno&#8221;, la propuesta del cuarteto es instrumental, y plasman&nbsp;un lenguaje musical \u00fanico.<br>Fue creada a comienzos del a\u00f1o 2016, en la ciudad de Centenario, Neuqu\u00e9n, Argentina, en formato tr\u00edo -bater\u00eda, teclado y bajo-.<br>Con esta formaci\u00f3n en el a\u00f1o 2017 graban su primer EP &#8216;Mundo&nbsp;On\u00edrico&#8217;, donde se abordan y fusionan g\u00e9neros como el jazz, rock progresivo, funk, soul, etc.<br>Con este repertorio comienzan a tocar en distintos bares, auditorios, festivales y teatros de Neuqu\u00e9n y alrededores.<br>A mediados del 2018 el cuarteto adquiere un nuevo instrumento\/integrante -guitarra- con el cual comienzan a desarrollar nuevas composiciones para grabar su primer disco. Estas&nbsp;generan un estilo \u00fanico&nbsp;y completamente nuevo, gracias a la juventud de sus integrantes que fusionan el jazz y su complejidad con los aires modernos del hoy. A esto se le suman los sentimientos de cada uno de sus integrantes y su especial inter\u00e9s por la espiritualidad y la naturaleza.<\/p>\n\n\n\n<p><strong>Acontecimientos importantes:<\/strong><\/p>\n\n\n\n<ul class=\"wp-block-list\"><li><strong>2017: EP \u2018\u2019Mundo On\u00edrico\u2019\u2019<\/strong><\/li><li><strong>2018: Festival Provincial de Jazz de Neuqu\u00e9n.<\/strong><\/li><li><strong>2019: Gira Cordillerana, producida por Oniria Cuarteto.<\/strong><\/li><li><strong>Ciclo de Jazz de Centenario-Cinco Saltos.<\/strong><\/li><li><strong>Festival Nacional de Cine Independiente de Cipolletti.<\/strong><\/li><li><strong>Oniria Cuarteto + Lucio Balduini en Centenario.<\/strong><\/li><li><strong>Veranos Culturales Neuqu\u00e9n.<\/strong><\/li><\/ul>\n\n\n\n<p><strong>&nbsp;Redes Sociales:<\/strong><\/p>\n\n\n\n<ul class=\"wp-block-list\"><li><strong>Facebook:&nbsp;<\/strong><a href=\"https:\/\/correo.smandes.gov.ar\/owa\/redir.aspx?C=31c3c52fdae142ee96e66b478216968b&amp;URL=https%3a%2f%2fwww.facebook.com%2foniriacuarteto\" target=\"_blank\" rel=\"noreferrer noopener\">https:\/\/www.facebook.com\/oniriacuarteto<\/a><\/li><li><strong>Instagram:<\/strong>&nbsp;<a href=\"https:\/\/correo.smandes.gov.ar\/owa\/redir.aspx?C=31c3c52fdae142ee96e66b478216968b&amp;URL=https%3a%2f%2fwww.instagram.com%2foniriacuarteto\" target=\"_blank\" rel=\"noreferrer noopener\">https:\/\/www.instagram.com\/oniriacuarteto<\/a><\/li><li><strong>Youtube:<\/strong>&nbsp;<a href=\"https:\/\/correo.smandes.gov.ar\/owa\/redir.aspx?C=31c3c52fdae142ee96e66b478216968b&amp;URL=https%3a%2f%2fwww.youtube.com%2fchannel%2fUC5cwBQHpOQRnXfV4ACkVQTw\" target=\"_blank\" rel=\"noreferrer noopener\">https:\/\/www.youtube.com\/channel\/UC5cwBQHpOQRnXfV4ACkVQTw<\/a><\/li><\/ul>\n\n\n\n<p><strong>&nbsp;Adelanto de 1er disco VIDA:<\/strong><\/p>\n\n\n\n<p><strong>\u2018\u2019FUTURO\u2019\u2019:<br><\/strong><a href=\"https:\/\/correo.smandes.gov.ar\/owa\/redir.aspx?C=31c3c52fdae142ee96e66b478216968b&amp;URL=https%3a%2f%2fwww.youtube.com%2fwatch%3fv%3dRgQUpPOkScI\" target=\"_blank\" rel=\"noreferrer noopener\">https:\/\/www.youtube.com\/watch?v=RgQUpPOkScI<\/a><\/p>\n\n\n\n<p><strong>\u2018\u2019GEOMETR\u00cdA FRACTAL\u2019\u2019:<br><\/strong><a href=\"https:\/\/correo.smandes.gov.ar\/owa\/redir.aspx?C=31c3c52fdae142ee96e66b478216968b&amp;URL=https%3a%2f%2fwww.youtube.com%2fwatch%3fv%3dt-P8uBz57D0\" target=\"_blank\" rel=\"noreferrer noopener\">https:\/\/www.youtube.com\/watch?v=t-P8uBz57D0<\/a><\/p>\n\n\n\n<p><strong>Sesion en Vivo en Kollage Sesiones:<br><\/strong><a href=\"https:\/\/correo.smandes.gov.ar\/owa\/redir.aspx?C=31c3c52fdae142ee96e66b478216968b&amp;URL=https%3a%2f%2fwww.youtube.com%2fwatch%3fv%3dWhNDS8k75qk\" target=\"_blank\" rel=\"noreferrer noopener\">https:\/\/www.youtube.com\/watch?v=WhNDS8k75qk<\/a><\/p>\n\n\n\n<p>Contacto:<br><a href=\"https:\/\/correo.smandes.gov.ar\/owa\/redir.aspx?C=31c3c52fdae142ee96e66b478216968b&amp;URL=mailto%3aoniria.cente%40gmai.com\">oniria.cente@gmai.com<\/a><br>2996202179<\/p>\n","protected":false},"excerpt":{"rendered":"<p>Jueves 25 a las 21hs en el Centro Cultural Cotesma <a href=\"https:\/\/cultura.sma.gob.ar\/?p=1186\" class=\"more-link\">Continue reading <span class=\"screen-reader-text\">Oniria 4teto en la Sala Amankay<\/span><\/a><\/p>\n","protected":false},"author":1,"featured_media":297,"comment_status":"closed","ping_status":"","sticky":false,"template":"","format":"image","meta":{"footnotes":""},"categories":[2,9],"tags":[],"class_list":["post-1186","post","type-post","status-publish","format-image","has-post-thumbnail","hentry","category-ciudad-cultural","category-ultimas-noticias","post_format-post-format-image"],"_links":{"self":[{"href":"https:\/\/cultura.sma.gob.ar\/index.php?rest_route=\/wp\/v2\/posts\/1186","targetHints":{"allow":["GET"]}}],"collection":[{"href":"https:\/\/cultura.sma.gob.ar\/index.php?rest_route=\/wp\/v2\/posts"}],"about":[{"href":"https:\/\/cultura.sma.gob.ar\/index.php?rest_route=\/wp\/v2\/types\/post"}],"author":[{"embeddable":true,"href":"https:\/\/cultura.sma.gob.ar\/index.php?rest_route=\/wp\/v2\/users\/1"}],"replies":[{"embeddable":true,"href":"https:\/\/cultura.sma.gob.ar\/index.php?rest_route=%2Fwp%2Fv2%2Fcomments&post=1186"}],"version-history":[{"count":1,"href":"https:\/\/cultura.sma.gob.ar\/index.php?rest_route=\/wp\/v2\/posts\/1186\/revisions"}],"predecessor-version":[{"id":1188,"href":"https:\/\/cultura.sma.gob.ar\/index.php?rest_route=\/wp\/v2\/posts\/1186\/revisions\/1188"}],"wp:featuredmedia":[{"embeddable":true,"href":"https:\/\/cultura.sma.gob.ar\/index.php?rest_route=\/wp\/v2\/media\/297"}],"wp:attachment":[{"href":"https:\/\/cultura.sma.gob.ar\/index.php?rest_route=%2Fwp%2Fv2%2Fmedia&parent=1186"}],"wp:term":[{"taxonomy":"category","embeddable":true,"href":"https:\/\/cultura.sma.gob.ar\/index.php?rest_route=%2Fwp%2Fv2%2Fcategories&post=1186"},{"taxonomy":"post_tag","embeddable":true,"href":"https:\/\/cultura.sma.gob.ar\/index.php?rest_route=%2Fwp%2Fv2%2Ftags&post=1186"}],"curies":[{"name":"wp","href":"https:\/\/api.w.org\/{rel}","templated":true}]}}