{"id":1182,"date":"2021-02-17T15:35:22","date_gmt":"2021-02-17T18:35:22","guid":{"rendered":"http:\/\/cultura.sma.gob.ar\/?p=1182"},"modified":"2021-02-17T15:35:22","modified_gmt":"2021-02-17T18:35:22","slug":"taller-de-arreglos-musicales","status":"publish","type":"post","link":"https:\/\/cultura.sma.gob.ar\/?p=1182","title":{"rendered":"Taller de arreglos musicales"},"content":{"rendered":"\n<figure class=\"wp-block-image size-large\"><img loading=\"lazy\" decoding=\"async\" width=\"603\" height=\"1024\" src=\"http:\/\/cultura.sma.gob.ar\/wp-content\/uploads\/2021\/02\/IMG-20210217-WA0045-603x1024.jpg\" alt=\"\" class=\"wp-image-1183\" srcset=\"https:\/\/cultura.sma.gob.ar\/wp-content\/uploads\/2021\/02\/IMG-20210217-WA0045-603x1024.jpg 603w, https:\/\/cultura.sma.gob.ar\/wp-content\/uploads\/2021\/02\/IMG-20210217-WA0045-177x300.jpg 177w, https:\/\/cultura.sma.gob.ar\/wp-content\/uploads\/2021\/02\/IMG-20210217-WA0045-53x90.jpg 53w, https:\/\/cultura.sma.gob.ar\/wp-content\/uploads\/2021\/02\/IMG-20210217-WA0045.jpg 754w\" sizes=\"auto, (max-width: 603px) 100vw, 603px\" \/><\/figure>\n\n\n\n<p>Hola gente de San Martin!! Tengo el agrado de compartirles el fruto del proyecto de investigaci\u00f3n, de autor\u00eda propia para la tesis de grado de la Lic. En M\u00fasica popular FAD UnCuyo (Mendoza). Mi prop\u00f3sito es llevarlo a la pr\u00e1ctica mediante la realizaci\u00f3n de un taller y mi deseo, ofrecerlo en este lugar. Dicho taller est\u00e1 destinado a m\u00fasicxs, docentes y estudiantes, con ganas de incursionar en el mundo de los arreglos musicales y experiencia en tocar instrumentos (canto, guitarra, piano, percusi\u00f3n, vientos, etc), ya sea de manera solista o en banda-ensamble. Ser\u00e1 llevado a cabo en el teatro San Jos\u00e9 los d\u00edas viernes 26\/02 y 05\/03 a las 11:30hs, con los protocolos correspondientes y cuidandonos entre todxs. Consta de dos encuentros de 2hs c\/u. Interesados comunicarse al +5492612705106 o\u00a0<a rel=\"noreferrer noopener\" href=\"mailto:flreyes597@gmail.com\" target=\"_blank\">flreyes597@gmail.com<\/a>\u00a0o facu4447 en Instagram. Inscripci\u00f3n abierta hasta el 22 de febrero. CUPOS LIMITADOS. Se agradece su presencia y difusi\u00f3n, saludos cordiales!<\/p>\n","protected":false},"excerpt":{"rendered":"<p>iernes 26\/2 y 5\/3 a las 11:30hs <a href=\"https:\/\/cultura.sma.gob.ar\/?p=1182\" class=\"more-link\">Continue reading <span class=\"screen-reader-text\">Taller de arreglos musicales<\/span><\/a><\/p>\n","protected":false},"author":1,"featured_media":292,"comment_status":"closed","ping_status":"","sticky":false,"template":"","format":"image","meta":{"footnotes":""},"categories":[2,8],"tags":[],"class_list":["post-1182","post","type-post","status-publish","format-image","has-post-thumbnail","hentry","category-ciudad-cultural","category-teatro-san-jose","post_format-post-format-image"],"_links":{"self":[{"href":"https:\/\/cultura.sma.gob.ar\/index.php?rest_route=\/wp\/v2\/posts\/1182","targetHints":{"allow":["GET"]}}],"collection":[{"href":"https:\/\/cultura.sma.gob.ar\/index.php?rest_route=\/wp\/v2\/posts"}],"about":[{"href":"https:\/\/cultura.sma.gob.ar\/index.php?rest_route=\/wp\/v2\/types\/post"}],"author":[{"embeddable":true,"href":"https:\/\/cultura.sma.gob.ar\/index.php?rest_route=\/wp\/v2\/users\/1"}],"replies":[{"embeddable":true,"href":"https:\/\/cultura.sma.gob.ar\/index.php?rest_route=%2Fwp%2Fv2%2Fcomments&post=1182"}],"version-history":[{"count":1,"href":"https:\/\/cultura.sma.gob.ar\/index.php?rest_route=\/wp\/v2\/posts\/1182\/revisions"}],"predecessor-version":[{"id":1184,"href":"https:\/\/cultura.sma.gob.ar\/index.php?rest_route=\/wp\/v2\/posts\/1182\/revisions\/1184"}],"wp:featuredmedia":[{"embeddable":true,"href":"https:\/\/cultura.sma.gob.ar\/index.php?rest_route=\/wp\/v2\/media\/292"}],"wp:attachment":[{"href":"https:\/\/cultura.sma.gob.ar\/index.php?rest_route=%2Fwp%2Fv2%2Fmedia&parent=1182"}],"wp:term":[{"taxonomy":"category","embeddable":true,"href":"https:\/\/cultura.sma.gob.ar\/index.php?rest_route=%2Fwp%2Fv2%2Fcategories&post=1182"},{"taxonomy":"post_tag","embeddable":true,"href":"https:\/\/cultura.sma.gob.ar\/index.php?rest_route=%2Fwp%2Fv2%2Ftags&post=1182"}],"curies":[{"name":"wp","href":"https:\/\/api.w.org\/{rel}","templated":true}]}}