{"id":1167,"date":"2021-02-17T14:08:38","date_gmt":"2021-02-17T17:08:38","guid":{"rendered":"http:\/\/cultura.sma.gob.ar\/?p=1167"},"modified":"2021-02-17T14:08:38","modified_gmt":"2021-02-17T17:08:38","slug":"mucha-musica-en-la-calle-tercera-edicion","status":"publish","type":"post","link":"https:\/\/cultura.sma.gob.ar\/?p=1167","title":{"rendered":"Mucha M\u00fasica en la calle: tercera edici\u00f3n"},"content":{"rendered":"\n<figure class=\"wp-block-image size-large\"><img loading=\"lazy\" decoding=\"async\" width=\"1024\" height=\"1024\" src=\"http:\/\/cultura.sma.gob.ar\/wp-content\/uploads\/2021\/02\/mucha-musica-en-la-calle-02-1-1024x1024.jpg\" alt=\"\" class=\"wp-image-1168\" srcset=\"https:\/\/cultura.sma.gob.ar\/wp-content\/uploads\/2021\/02\/mucha-musica-en-la-calle-02-1-1024x1024.jpg 1024w, https:\/\/cultura.sma.gob.ar\/wp-content\/uploads\/2021\/02\/mucha-musica-en-la-calle-02-1-300x300.jpg 300w, https:\/\/cultura.sma.gob.ar\/wp-content\/uploads\/2021\/02\/mucha-musica-en-la-calle-02-1-150x150.jpg 150w, https:\/\/cultura.sma.gob.ar\/wp-content\/uploads\/2021\/02\/mucha-musica-en-la-calle-02-1-768x768.jpg 768w, https:\/\/cultura.sma.gob.ar\/wp-content\/uploads\/2021\/02\/mucha-musica-en-la-calle-02-1-1536x1536.jpg 1536w, https:\/\/cultura.sma.gob.ar\/wp-content\/uploads\/2021\/02\/mucha-musica-en-la-calle-02-1-90x90.jpg 90w, https:\/\/cultura.sma.gob.ar\/wp-content\/uploads\/2021\/02\/mucha-musica-en-la-calle-02-1.jpg 1875w\" sizes=\"auto, (max-width: 1024px) 100vw, 1024px\" \/><\/figure>\n\n\n\n<p>El pr\u00f3ximo s\u00e1bado 20 de febrero, en el marco del programa Mucha M\u00fasica en la calle, se podr\u00e1 disfrutar de las presentaciones en vivo de dos bandas locales: Romanosky y Patr\u00f3n Psicoelectro. Ser\u00e1 desde las 20hs en el parque cerrado que se armar\u00e1 sobre la calle Mariano Moreno, frente a Clover.<\/p>\n\n\n\n<p>Se informa a los vecinos y vecinas que a los efectos de esta propuesta, desde las primeras horas del d\u00eda s\u00e1bado se encontrara cerrada la circulaci\u00f3n de Mariano Moreno, entre General Roca y San Mart\u00edn.<\/p>\n\n\n\n<p>Mucha M\u00fasica en la calle es una propuesta de acceso libre y gratuito, sin obligaci\u00f3n de consumo en predio, enmarcada en el protocolo provincial R58MJG y el decreto nacional DNU 956\/2020. Es obligatorio concurrir con barbijo y respetar las indicaciones del personal dispuesto para ejecuci\u00f3n de protocolos sanitarios. <\/p>\n","protected":false},"excerpt":{"rendered":"<p>El pr\u00f3ximo s\u00e1bado 20 de febrero, en el marco del programa Mucha M\u00fasica en la calle, se podr\u00e1 disfrutar de las presentaciones en vivo de dos bandas locales: Romanosky y Patr\u00f3n Psicoelectro. Ser\u00e1 desde las 20hs en el parque cerrado que se armar\u00e1 sobre la calle Mariano Moreno, frente a Clover. <a href=\"https:\/\/cultura.sma.gob.ar\/?p=1167\" class=\"more-link\">Continue reading <span class=\"screen-reader-text\">Mucha M\u00fasica en la calle: tercera edici\u00f3n<\/span><\/a><\/p>\n","protected":false},"author":1,"featured_media":296,"comment_status":"closed","ping_status":"","sticky":false,"template":"","format":"image","meta":{"footnotes":""},"categories":[3,9],"tags":[],"class_list":["post-1167","post","type-post","status-publish","format-image","has-post-thumbnail","hentry","category-eventos-cultura","category-ultimas-noticias","post_format-post-format-image"],"_links":{"self":[{"href":"https:\/\/cultura.sma.gob.ar\/index.php?rest_route=\/wp\/v2\/posts\/1167","targetHints":{"allow":["GET"]}}],"collection":[{"href":"https:\/\/cultura.sma.gob.ar\/index.php?rest_route=\/wp\/v2\/posts"}],"about":[{"href":"https:\/\/cultura.sma.gob.ar\/index.php?rest_route=\/wp\/v2\/types\/post"}],"author":[{"embeddable":true,"href":"https:\/\/cultura.sma.gob.ar\/index.php?rest_route=\/wp\/v2\/users\/1"}],"replies":[{"embeddable":true,"href":"https:\/\/cultura.sma.gob.ar\/index.php?rest_route=%2Fwp%2Fv2%2Fcomments&post=1167"}],"version-history":[{"count":1,"href":"https:\/\/cultura.sma.gob.ar\/index.php?rest_route=\/wp\/v2\/posts\/1167\/revisions"}],"predecessor-version":[{"id":1169,"href":"https:\/\/cultura.sma.gob.ar\/index.php?rest_route=\/wp\/v2\/posts\/1167\/revisions\/1169"}],"wp:featuredmedia":[{"embeddable":true,"href":"https:\/\/cultura.sma.gob.ar\/index.php?rest_route=\/wp\/v2\/media\/296"}],"wp:attachment":[{"href":"https:\/\/cultura.sma.gob.ar\/index.php?rest_route=%2Fwp%2Fv2%2Fmedia&parent=1167"}],"wp:term":[{"taxonomy":"category","embeddable":true,"href":"https:\/\/cultura.sma.gob.ar\/index.php?rest_route=%2Fwp%2Fv2%2Fcategories&post=1167"},{"taxonomy":"post_tag","embeddable":true,"href":"https:\/\/cultura.sma.gob.ar\/index.php?rest_route=%2Fwp%2Fv2%2Ftags&post=1167"}],"curies":[{"name":"wp","href":"https:\/\/api.w.org\/{rel}","templated":true}]}}