{"id":1153,"date":"2021-02-15T11:29:19","date_gmt":"2021-02-15T14:29:19","guid":{"rendered":"http:\/\/cultura.sma.gob.ar\/?p=1153"},"modified":"2021-02-15T11:29:19","modified_gmt":"2021-02-15T14:29:19","slug":"puentes-sin-peros-musica-e-historias","status":"publish","type":"post","link":"https:\/\/cultura.sma.gob.ar\/?p=1153","title":{"rendered":"Puentes sin peros: m\u00fasica e historias"},"content":{"rendered":"\n<figure class=\"wp-block-image size-large\"><img loading=\"lazy\" decoding=\"async\" width=\"745\" height=\"1024\" src=\"http:\/\/cultura.sma.gob.ar\/wp-content\/uploads\/2021\/02\/FLYER-LUCAS-2021-02-12-745x1024.jpeg\" alt=\"\" class=\"wp-image-1154\" srcset=\"https:\/\/cultura.sma.gob.ar\/wp-content\/uploads\/2021\/02\/FLYER-LUCAS-2021-02-12-745x1024.jpeg 745w, https:\/\/cultura.sma.gob.ar\/wp-content\/uploads\/2021\/02\/FLYER-LUCAS-2021-02-12-218x300.jpeg 218w, https:\/\/cultura.sma.gob.ar\/wp-content\/uploads\/2021\/02\/FLYER-LUCAS-2021-02-12-768x1056.jpeg 768w, https:\/\/cultura.sma.gob.ar\/wp-content\/uploads\/2021\/02\/FLYER-LUCAS-2021-02-12-65x90.jpeg 65w, https:\/\/cultura.sma.gob.ar\/wp-content\/uploads\/2021\/02\/FLYER-LUCAS-2021-02-12.jpeg 931w\" sizes=\"auto, (max-width: 745px) 100vw, 745px\" \/><\/figure>\n\n\n\n<p><strong>M.U.S.A. en el Teatro San Jos\u00e9<\/strong><\/p>\n\n\n\n<p><strong>\u201cPuentes,  sin peros\u201d<\/strong><\/p>\n\n\n\n<p>El pr\u00f3ximo\u00a0<strong>jueves, 18 de febrero a las 21:00hs<\/strong>\u00a0la Asociaci\u00f3n de Musiques de San Mart\u00edn de los Andes (M.U.S.A.) habita el\u00a0<strong>teatro San Jos\u00e9<\/strong>\u00a0de nuestra ciudad,\u00a0a trav\u00e9s del espect\u00e1culo \u201cPuentes, sin peros\u201d, un di\u00e1logo de m\u00fasica y palabras de la mano de nuestros artistas, Natalia Amendolaro y Lucas Lobos.<\/p>\n\n\n\n<p>Natalia Amendolaro es escritora, periodista y comunicadora, nacida en Buenos Aires. Desarrolla talleres literarios ideados para repensar la literatura y los espacios culturales. Autora de &#8220;Resulto que eramos libres&#8221;.<\/p>\n\n\n\n<p>Lucas Lobos es m\u00fasico desde el a\u00f1o 2005, compartiendo escenario con bandas y solistas de rock, pop y m\u00fasica latinoamericana. Se encuentra terminando su primer EP solista, &#8220;Soliloquio&#8221;.<\/p>\n\n\n\n<p>Juntos prepararon el espect\u00e1culo &#8220;Puentes sin peros&#8221;, combinando textos de Cort\u00e1zar, Benedetti, Arlt y propios junto a la m\u00fasica de Tom Jobim, Charly Garc\u00eda, Fito P\u00e1ez y Bob Dylan.<\/p>\n\n\n\n<p>Entradas en venta en las redes de MUSA<\/p>\n\n\n\n<p><a href=\"https:\/\/correo.smandes.gov.ar\/owa\/redir.aspx?C=f633b6d010b44b86a1cb1b61f94c4660&amp;URL=mailto%3amusiquessanmartinenses%40gmail.com\" target=\"_blank\" rel=\"noreferrer noopener\">musiquessanmartinenses@gmail.com<\/a><\/p>\n\n\n\n<p>Facebook: Mu.Sa. Musiques de SMA<\/p>\n\n\n\n<p>Instagram: @musa_smandes<\/p>\n\n\n\n<p>Cupo limitado para cuidarte y cuidarnos.<\/p>\n","protected":false},"excerpt":{"rendered":"<p>Jueves 18 a las 21hs en el teatro San Jos\u00e9 <a href=\"https:\/\/cultura.sma.gob.ar\/?p=1153\" class=\"more-link\">Continue reading <span class=\"screen-reader-text\">Puentes sin peros: m\u00fasica e historias<\/span><\/a><\/p>\n","protected":false},"author":1,"featured_media":297,"comment_status":"closed","ping_status":"","sticky":false,"template":"","format":"image","meta":{"footnotes":""},"categories":[2,9],"tags":[],"class_list":["post-1153","post","type-post","status-publish","format-image","has-post-thumbnail","hentry","category-ciudad-cultural","category-ultimas-noticias","post_format-post-format-image"],"_links":{"self":[{"href":"https:\/\/cultura.sma.gob.ar\/index.php?rest_route=\/wp\/v2\/posts\/1153","targetHints":{"allow":["GET"]}}],"collection":[{"href":"https:\/\/cultura.sma.gob.ar\/index.php?rest_route=\/wp\/v2\/posts"}],"about":[{"href":"https:\/\/cultura.sma.gob.ar\/index.php?rest_route=\/wp\/v2\/types\/post"}],"author":[{"embeddable":true,"href":"https:\/\/cultura.sma.gob.ar\/index.php?rest_route=\/wp\/v2\/users\/1"}],"replies":[{"embeddable":true,"href":"https:\/\/cultura.sma.gob.ar\/index.php?rest_route=%2Fwp%2Fv2%2Fcomments&post=1153"}],"version-history":[{"count":1,"href":"https:\/\/cultura.sma.gob.ar\/index.php?rest_route=\/wp\/v2\/posts\/1153\/revisions"}],"predecessor-version":[{"id":1155,"href":"https:\/\/cultura.sma.gob.ar\/index.php?rest_route=\/wp\/v2\/posts\/1153\/revisions\/1155"}],"wp:featuredmedia":[{"embeddable":true,"href":"https:\/\/cultura.sma.gob.ar\/index.php?rest_route=\/wp\/v2\/media\/297"}],"wp:attachment":[{"href":"https:\/\/cultura.sma.gob.ar\/index.php?rest_route=%2Fwp%2Fv2%2Fmedia&parent=1153"}],"wp:term":[{"taxonomy":"category","embeddable":true,"href":"https:\/\/cultura.sma.gob.ar\/index.php?rest_route=%2Fwp%2Fv2%2Fcategories&post=1153"},{"taxonomy":"post_tag","embeddable":true,"href":"https:\/\/cultura.sma.gob.ar\/index.php?rest_route=%2Fwp%2Fv2%2Ftags&post=1153"}],"curies":[{"name":"wp","href":"https:\/\/api.w.org\/{rel}","templated":true}]}}