{"id":1147,"date":"2021-02-12T11:07:57","date_gmt":"2021-02-12T14:07:57","guid":{"rendered":"http:\/\/cultura.sma.gob.ar\/?p=1147"},"modified":"2021-02-19T08:08:56","modified_gmt":"2021-02-19T11:08:56","slug":"segunda-convencion-de-historietas-de-san-martin-de-los-andes","status":"publish","type":"post","link":"https:\/\/cultura.sma.gob.ar\/?p=1147","title":{"rendered":"Segunda convenci\u00f3n de historietas de San Mart\u00edn de los Andes"},"content":{"rendered":"\n<figure class=\"wp-block-image size-large\"><img loading=\"lazy\" decoding=\"async\" width=\"1024\" height=\"1024\" src=\"http:\/\/cultura.sma.gob.ar\/wp-content\/uploads\/2021\/02\/IMG-20210217-WA0007-1024x1024.jpg\" alt=\"\" class=\"wp-image-1191\" srcset=\"https:\/\/cultura.sma.gob.ar\/wp-content\/uploads\/2021\/02\/IMG-20210217-WA0007-1024x1024.jpg 1024w, https:\/\/cultura.sma.gob.ar\/wp-content\/uploads\/2021\/02\/IMG-20210217-WA0007-300x300.jpg 300w, https:\/\/cultura.sma.gob.ar\/wp-content\/uploads\/2021\/02\/IMG-20210217-WA0007-150x150.jpg 150w, https:\/\/cultura.sma.gob.ar\/wp-content\/uploads\/2021\/02\/IMG-20210217-WA0007-768x768.jpg 768w, https:\/\/cultura.sma.gob.ar\/wp-content\/uploads\/2021\/02\/IMG-20210217-WA0007-90x90.jpg 90w, https:\/\/cultura.sma.gob.ar\/wp-content\/uploads\/2021\/02\/IMG-20210217-WA0007.jpg 1280w\" sizes=\"auto, (max-width: 1024px) 100vw, 1024px\" \/><\/figure>\n\n\n\n<p>La Secretar\u00eda de Cultura convoca a interesados \/as a participar en la organizaci\u00f3n de la Segunda Convenci\u00f3n de Historietas de SMA que busca promover y potenciar la cultura del MANGA. La Convenci\u00f3n se realizara el d\u00eda <strong>21 de febrero en el Teatro San Jos\u00e9<\/strong>.<br>Todos los\/las interesados\/as comunicarse al (02972)424803 o por correo teatro.sanjose@smandes.gov.ar.<\/p>\n\n\n\n<p><strong>CRONOGRAMA DEL EVENTO<\/strong>:<\/p>\n\n\n\n<ul class=\"wp-block-list\"><li><strong>17:00 HS-<\/strong><strong> <\/strong>COMIENZA LA RECEPCI\u00d3N DE DIBUJOS PARA EL SORTEO (SE REALIZA EL SORTEO A LAS 20:45 HS)<\/li><li><strong>17:30 HS-<\/strong>&nbsp; TRIVIAS CON PREMIOS \u2013 AREA CALLE DRURY AL 700<\/li><li><strong>18:00 HS<\/strong>&#8211;&nbsp; DEMOSTRACI\u00d3N DE ESGRIMA- \u00c1REA CALLE&nbsp; DRURY AL 700<\/li><li><strong>19:00 HS<\/strong>&#8211; ALAS 440 \u2013MUSICA EN VIVO \/ENTRADA A LA GORRA\/ \u00c1REA TEATRO SAN JOS\u00c9 SALA JORGE VILLALVA<\/li><li><strong>19:30<\/strong> HS. TRIVIAS CON PREMIOS- AREA CALLE DRURY AL 700<\/li><li><strong>20:00<\/strong> HS- MARA ESTER DI ESTEFANO- M\u00daSICA EN VIVO\/ENTRADA A LA GORRA\/ \u00c1REA TEATRO SAN JOS\u00c9 SALA JORGE VILLALVA<\/li><li><strong>20:15<\/strong> HS- DEMOSTRACI\u00d3N DE ESGRIMA\/\u00c1REA CALLE DRURY AL 700<\/li><li><strong>20:30 HS<\/strong>&#8211; NIGHTMARE PARADISE- DANZA KPOP EN VIVO\/&nbsp; ENTRADA A LA GORRA\/ \u00c1REA TEATRO SAN JOS\u00c9 SALA JORGE VILLALVA<\/li><li><strong>20:45 HS<\/strong>&#8211; SORTEO DIBUJOS \/AREA ENTRADA TEATRO SAN JOS\u00c9<\/li><li><strong>21:00 HS<\/strong>&#8211; TRIVIAS CON PREMIOS.<\/li><\/ul>\n\n\n\n<p><strong>STANDS EXPOSITORES Y DIBUJO EN VIVO DE ARTISTAS<\/strong>: Orlando Agust\u00edn Beltr\u00e1n; Gisele Rodr\u00edguez Polich; Federico Peralta Godoy; Gabriel Ra\u00fal Quintana.<\/p>\n\n\n\n<p><strong>STANDS DE VENTA:<\/strong> Mercadito Freak; Klan Otaku Shop; Plum artesanias; Mythos libros; Awka producciones; Malditos Bros. vintage toys.<\/p>\n\n\n\n<p><strong>CONCURSO DE DIBUJO:<\/strong><\/p>\n\n\n\n<p><span style=\"text-decoration: underline;\">Bases y condiciones <\/span><br><strong>Tema:<\/strong> Tu super h\u00e9roe favorito<br><br>Podr\u00e1n participar del concurso ni\u00f1os y ni\u00f1as, cuya edad est\u00e9 comprendida entre los 3 y los 12 a\u00f1os. Los participantes deber\u00e1n completar, con letra clara y legible, al dorso del dibujo, los siguientes datos:  Nombre, apellido y edad del autor, t\u00edtulo de la obra. Tambi\u00e9n se solicitara el nombre de un adulto responsable del menor para contactar con informaci\u00f3n sobre futuros eventos.<br><br>Los trabajos deber\u00e1n ser individuales y no se aceptar\u00e1 m\u00e1s de 1 (uno) por participante. Los materiales para la confecci\u00f3n del dibujo es libre y a elecci\u00f3n de los participantes, como as\u00ed tambi\u00e9n la t\u00e9cnica a utilizar (ej.: crayones, l\u00e1pices de colores, pintura acr\u00edlica, pinturas al agua, \u00f3leos, xilograf\u00edas, mixtas o cualquier otro elemento de dibujo) . Cada trabajo debe llevar al dorso todos los datos solicitados, con letra clara y legible.<br><br>Los dibujos se recibir\u00e1n el mismo d\u00eda del evento (21 de Febrero del 2021), durante de 17 a 21hs, en el predio de la convenci\u00f3n de historietas. Ser\u00e1n exhibidos en la convenci\u00f3n y luego quedar\u00e1n a disposici\u00f3n de los organizadores para ser puestos en exhibici\u00f3n en futuras convenciones.<br>Se otorgar\u00e1n para todos los participantes, una bolsita de caramelos surtidos cortes\u00eda de la Secretar\u00eda de Cultura de San Mart\u00edn de los Andes.<\/p>\n","protected":false},"excerpt":{"rendered":"<p>Domingo 21 de febrero &#8211; 17 a 21hs <a href=\"https:\/\/cultura.sma.gob.ar\/?p=1147\" class=\"more-link\">Continue reading <span class=\"screen-reader-text\">Segunda convenci\u00f3n de historietas de San Mart\u00edn de los Andes<\/span><\/a><\/p>\n","protected":false},"author":1,"featured_media":292,"comment_status":"closed","ping_status":"","sticky":false,"template":"","format":"image","meta":{"footnotes":""},"categories":[8,9],"tags":[],"class_list":["post-1147","post","type-post","status-publish","format-image","has-post-thumbnail","hentry","category-teatro-san-jose","category-ultimas-noticias","post_format-post-format-image"],"_links":{"self":[{"href":"https:\/\/cultura.sma.gob.ar\/index.php?rest_route=\/wp\/v2\/posts\/1147","targetHints":{"allow":["GET"]}}],"collection":[{"href":"https:\/\/cultura.sma.gob.ar\/index.php?rest_route=\/wp\/v2\/posts"}],"about":[{"href":"https:\/\/cultura.sma.gob.ar\/index.php?rest_route=\/wp\/v2\/types\/post"}],"author":[{"embeddable":true,"href":"https:\/\/cultura.sma.gob.ar\/index.php?rest_route=\/wp\/v2\/users\/1"}],"replies":[{"embeddable":true,"href":"https:\/\/cultura.sma.gob.ar\/index.php?rest_route=%2Fwp%2Fv2%2Fcomments&post=1147"}],"version-history":[{"count":5,"href":"https:\/\/cultura.sma.gob.ar\/index.php?rest_route=\/wp\/v2\/posts\/1147\/revisions"}],"predecessor-version":[{"id":1192,"href":"https:\/\/cultura.sma.gob.ar\/index.php?rest_route=\/wp\/v2\/posts\/1147\/revisions\/1192"}],"wp:featuredmedia":[{"embeddable":true,"href":"https:\/\/cultura.sma.gob.ar\/index.php?rest_route=\/wp\/v2\/media\/292"}],"wp:attachment":[{"href":"https:\/\/cultura.sma.gob.ar\/index.php?rest_route=%2Fwp%2Fv2%2Fmedia&parent=1147"}],"wp:term":[{"taxonomy":"category","embeddable":true,"href":"https:\/\/cultura.sma.gob.ar\/index.php?rest_route=%2Fwp%2Fv2%2Fcategories&post=1147"},{"taxonomy":"post_tag","embeddable":true,"href":"https:\/\/cultura.sma.gob.ar\/index.php?rest_route=%2Fwp%2Fv2%2Ftags&post=1147"}],"curies":[{"name":"wp","href":"https:\/\/api.w.org\/{rel}","templated":true}]}}