{"id":1141,"date":"2021-02-11T09:15:40","date_gmt":"2021-02-11T12:15:40","guid":{"rendered":"http:\/\/cultura.sma.gob.ar\/?p=1141"},"modified":"2021-02-11T09:15:40","modified_gmt":"2021-02-11T12:15:40","slug":"teatro-san-jose-presenta-una-nueva-propuesta-con-convocatoria-abierta","status":"publish","type":"post","link":"https:\/\/cultura.sma.gob.ar\/?p=1141","title":{"rendered":"\u201cTeatro San Jos\u00e9 presenta\u201d: una nueva propuesta con convocatoria abierta"},"content":{"rendered":"\n<figure class=\"wp-block-image size-large\"><img loading=\"lazy\" decoding=\"async\" width=\"1024\" height=\"1024\" src=\"http:\/\/cultura.sma.gob.ar\/wp-content\/uploads\/2021\/02\/placa-flyers-teatro-08-1-1024x1024.jpg\" alt=\"\" class=\"wp-image-1142\" srcset=\"https:\/\/cultura.sma.gob.ar\/wp-content\/uploads\/2021\/02\/placa-flyers-teatro-08-1-1024x1024.jpg 1024w, https:\/\/cultura.sma.gob.ar\/wp-content\/uploads\/2021\/02\/placa-flyers-teatro-08-1-300x300.jpg 300w, https:\/\/cultura.sma.gob.ar\/wp-content\/uploads\/2021\/02\/placa-flyers-teatro-08-1-150x150.jpg 150w, https:\/\/cultura.sma.gob.ar\/wp-content\/uploads\/2021\/02\/placa-flyers-teatro-08-1-768x768.jpg 768w, https:\/\/cultura.sma.gob.ar\/wp-content\/uploads\/2021\/02\/placa-flyers-teatro-08-1-1536x1536.jpg 1536w, https:\/\/cultura.sma.gob.ar\/wp-content\/uploads\/2021\/02\/placa-flyers-teatro-08-1-90x90.jpg 90w, https:\/\/cultura.sma.gob.ar\/wp-content\/uploads\/2021\/02\/placa-flyers-teatro-08-1.jpg 1875w\" sizes=\"auto, (max-width: 1024px) 100vw, 1024px\" \/><\/figure>\n\n\n\n<p>La Secretar\u00eda de Cultura anuncia el lanzamiento del programa TEATRO SAN JOS\u00c9 PRESENTA, que a lo largo de todo el a\u00f1o ofrecer\u00e1 un ciclo de presentaciones con el objetivo de promocionar las artes esc\u00e9nicas, favorecer la creaci\u00f3n y formaci\u00f3n de espectadores y fortalecer al Teatro San Jos\u00e9 como espacio cultural de la comunidad.<\/p>\n\n\n\n<p>La grilla se conformar\u00e1 priorizando las obras teatrales, pero tambi\u00e9n incluir\u00e1 presentaciones de danza y m\u00fasica.&nbsp;<\/p>\n\n\n\n<p>A fin de conformar la propuesta de TEATRO SAN JOS\u00c9 PRESENTA para este 2021 la Secretar\u00eda de Cultura convoca a elencos y grupos que deseen postular una propuesta esc\u00e9nica espec\u00edfica.&nbsp;<\/p>\n\n\n\n<p>No habr\u00e1 restricciones de ning\u00fan tipo respecto a g\u00e9nero, tem\u00e1tica o l\u00ednea est\u00e9tica, pero deber\u00e1n adaptarse a las posibilidades espaciales y t\u00e9cnicas que ofrece la sala Jorge Villalba.<\/p>\n\n\n\n<p>La selecci\u00f3n estar\u00e1 a cargo de un Jurado que tendr\u00e1 en cuenta el contenido art\u00edstico de cada propuesta y su concordancia con los objetivos del programa.<\/p>\n\n\n\n<p>Los grupos seleccionados recibir\u00e1n un cach\u00e9 preestablecido, de acuerdo a la cantidad de integrantes que intervienen en la presentaci\u00f3n.<\/p>\n\n\n\n<p>Para favorecer el acceso a las funciones de TEATRO SAN JOS\u00c9 PRESENTA las entradas tendr\u00e1n un valor promocionado de $100.&nbsp;<\/p>\n\n\n\n<p>Aquellos elencos o grupos que deseen postularse para ser parte de TEATRO SAN JOS\u00c9 PRESENTA deben acceder al siguiente link <a href=\"https:\/\/cutt.ly\/jkQbJJ0\" target=\"_blank\" rel=\"noreferrer noopener\"><strong>https:\/\/cutt.ly\/jkQbJJ0<\/strong><\/a>, donde encontrar\u00e1n la informaci\u00f3n necesaria para formalizar su postulaci\u00f3n.<\/p>\n","protected":false},"excerpt":{"rendered":"<p>Convocatoria abierta. <a href=\"https:\/\/cultura.sma.gob.ar\/?p=1141\" class=\"more-link\">Continue reading <span class=\"screen-reader-text\">\u201cTeatro San Jos\u00e9 presenta\u201d: una nueva propuesta con convocatoria abierta<\/span><\/a><\/p>\n","protected":false},"author":1,"featured_media":292,"comment_status":"closed","ping_status":"","sticky":false,"template":"","format":"image","meta":{"footnotes":""},"categories":[8,9],"tags":[],"class_list":["post-1141","post","type-post","status-publish","format-image","has-post-thumbnail","hentry","category-teatro-san-jose","category-ultimas-noticias","post_format-post-format-image"],"_links":{"self":[{"href":"https:\/\/cultura.sma.gob.ar\/index.php?rest_route=\/wp\/v2\/posts\/1141","targetHints":{"allow":["GET"]}}],"collection":[{"href":"https:\/\/cultura.sma.gob.ar\/index.php?rest_route=\/wp\/v2\/posts"}],"about":[{"href":"https:\/\/cultura.sma.gob.ar\/index.php?rest_route=\/wp\/v2\/types\/post"}],"author":[{"embeddable":true,"href":"https:\/\/cultura.sma.gob.ar\/index.php?rest_route=\/wp\/v2\/users\/1"}],"replies":[{"embeddable":true,"href":"https:\/\/cultura.sma.gob.ar\/index.php?rest_route=%2Fwp%2Fv2%2Fcomments&post=1141"}],"version-history":[{"count":1,"href":"https:\/\/cultura.sma.gob.ar\/index.php?rest_route=\/wp\/v2\/posts\/1141\/revisions"}],"predecessor-version":[{"id":1143,"href":"https:\/\/cultura.sma.gob.ar\/index.php?rest_route=\/wp\/v2\/posts\/1141\/revisions\/1143"}],"wp:featuredmedia":[{"embeddable":true,"href":"https:\/\/cultura.sma.gob.ar\/index.php?rest_route=\/wp\/v2\/media\/292"}],"wp:attachment":[{"href":"https:\/\/cultura.sma.gob.ar\/index.php?rest_route=%2Fwp%2Fv2%2Fmedia&parent=1141"}],"wp:term":[{"taxonomy":"category","embeddable":true,"href":"https:\/\/cultura.sma.gob.ar\/index.php?rest_route=%2Fwp%2Fv2%2Fcategories&post=1141"},{"taxonomy":"post_tag","embeddable":true,"href":"https:\/\/cultura.sma.gob.ar\/index.php?rest_route=%2Fwp%2Fv2%2Ftags&post=1141"}],"curies":[{"name":"wp","href":"https:\/\/api.w.org\/{rel}","templated":true}]}}